{"id":4596,"date":"2021-05-02T10:35:44","date_gmt":"2021-05-02T10:35:44","guid":{"rendered":"http:\/\/www.asukkaidenvantaa.fi\/?p=4596"},"modified":"2021-05-02T10:41:38","modified_gmt":"2021-05-02T10:41:38","slug":"vapun-perinteinen-aloitus","status":"publish","type":"post","link":"https:\/\/www.asukkaidenvantaa.fi\/?p=4596","title":{"rendered":"Vapun perinteinen aloitus"},"content":{"rendered":"\n<p>Vantaalaisten ty\u00f6v\u00e4enj\u00e4rjest\u00f6jen edustajat k\u00e4viv\u00e4t laskemassa kukat luokkasodassa 1918 kaatuneiden vantaalaisten muistomerkille. Yhteinen toivomus oli, ett\u00e4 vappu 2021 olisi viimeinen koronavappu. Ett\u00e4 ensi vappuna voitaisiin kutsua taas v\u00e4ke\u00e4 paikalle ja pit\u00e4\u00e4 kunnon vappupuhe.<\/p>\n\n\n\n<figure class=\"wp-block-image size-large\"><a href=\"http:\/\/www.asukkaidenvantaa.fi\/wp-content\/uploads\/\/sites\/31\/2021\/05\/Vappuna-2021-Hiekkaharjussa.jpg\"><img loading=\"lazy\" decoding=\"async\" width=\"1024\" height=\"682\" src=\"http:\/\/www.asukkaidenvantaa.fi\/wp-content\/uploads\/\/sites\/31\/2021\/05\/Vappuna-2021-Hiekkaharjussa-1024x682.jpg\" alt=\"\" class=\"wp-image-4598\" srcset=\"https:\/\/www.asukkaidenvantaa.fi\/wp-content\/uploads\/sites\/31\/2021\/05\/Vappuna-2021-Hiekkaharjussa-1024x682.jpg 1024w, https:\/\/www.asukkaidenvantaa.fi\/wp-content\/uploads\/sites\/31\/2021\/05\/Vappuna-2021-Hiekkaharjussa-300x200.jpg 300w, https:\/\/www.asukkaidenvantaa.fi\/wp-content\/uploads\/sites\/31\/2021\/05\/Vappuna-2021-Hiekkaharjussa-768x512.jpg 768w, https:\/\/www.asukkaidenvantaa.fi\/wp-content\/uploads\/sites\/31\/2021\/05\/Vappuna-2021-Hiekkaharjussa-560x373.jpg 560w, https:\/\/www.asukkaidenvantaa.fi\/wp-content\/uploads\/sites\/31\/2021\/05\/Vappuna-2021-Hiekkaharjussa-260x173.jpg 260w, https:\/\/www.asukkaidenvantaa.fi\/wp-content\/uploads\/sites\/31\/2021\/05\/Vappuna-2021-Hiekkaharjussa-160x107.jpg 160w, https:\/\/www.asukkaidenvantaa.fi\/wp-content\/uploads\/sites\/31\/2021\/05\/Vappuna-2021-Hiekkaharjussa.jpg 1280w\" sizes=\"auto, (max-width: 1024px) 100vw, 1024px\" \/><\/a><figcaption>Vantaalaisten ty\u00f6v\u00e4enj\u00e4rjest\u00f6jen edustajat vappuaamuna 2021 Hiekkaharjussa luokkasodassa 1918 kaatunaiden punaisten muistomerkill\u00e4.<\/figcaption><\/figure>\n\n\n\n<p>Kuin linkkin\u00e4 historiaan n\u00e4htiin SKP:n edustajilla vaatimusjulisteita, h\u00e4vitt\u00e4j\u00e4miljardien siirt\u00e4miseksi kuntapalveluihin ja demokratian ja palveluiden lis\u00e4\u00e4mist\u00e4 Vantaalla. Parempien olojen vaatimus oli my\u00f6s 1918 tapahtumien taustalla. Vaatimukset johtivat silloin yhteenottoon. <\/p>\n\n\n\n<figure class=\"wp-block-image size-large\"><a href=\"http:\/\/www.asukkaidenvantaa.fi\/wp-content\/uploads\/\/sites\/31\/2021\/05\/Vappuna-2021-4.jpg\"><img loading=\"lazy\" decoding=\"async\" width=\"1024\" height=\"682\" src=\"http:\/\/www.asukkaidenvantaa.fi\/wp-content\/uploads\/\/sites\/31\/2021\/05\/Vappuna-2021-4-1024x682.jpg\" alt=\"\" class=\"wp-image-4599\" srcset=\"https:\/\/www.asukkaidenvantaa.fi\/wp-content\/uploads\/sites\/31\/2021\/05\/Vappuna-2021-4-1024x682.jpg 1024w, https:\/\/www.asukkaidenvantaa.fi\/wp-content\/uploads\/sites\/31\/2021\/05\/Vappuna-2021-4-300x200.jpg 300w, https:\/\/www.asukkaidenvantaa.fi\/wp-content\/uploads\/sites\/31\/2021\/05\/Vappuna-2021-4-768x512.jpg 768w, https:\/\/www.asukkaidenvantaa.fi\/wp-content\/uploads\/sites\/31\/2021\/05\/Vappuna-2021-4-560x373.jpg 560w, https:\/\/www.asukkaidenvantaa.fi\/wp-content\/uploads\/sites\/31\/2021\/05\/Vappuna-2021-4-260x173.jpg 260w, https:\/\/www.asukkaidenvantaa.fi\/wp-content\/uploads\/sites\/31\/2021\/05\/Vappuna-2021-4-160x107.jpg 160w, https:\/\/www.asukkaidenvantaa.fi\/wp-content\/uploads\/sites\/31\/2021\/05\/Vappuna-2021-4.jpg 1280w\" sizes=\"auto, (max-width: 1024px) 100vw, 1024px\" \/><\/a><figcaption>H\u00e4vitt\u00e4j\u00e4miljardit kuntapalveluihin. H\u00e4vitt\u00e4jill\u00e4 ei koronan j\u00e4lki\u00e4 korjata. Lis\u00e4tyll\u00e4 rahoituksella kunnille kyll\u00e4kin.<\/figcaption><\/figure>\n","protected":false},"excerpt":{"rendered":"<p>Vantaalaisten ty\u00f6v\u00e4enj\u00e4rjest\u00f6jen edustajat k\u00e4viv\u00e4t laskemassa kukat luokkasodassa 1918 kaatuneiden vantaalaisten muistomerkille. Yhteinen toivomus oli, ett\u00e4 vappu 2021 olisi viimeinen koronavappu. Ett\u00e4 ensi vappuna voitaisiin kutsua taas v\u00e4ke\u00e4 paikalle ja pit\u00e4\u00e4 kunnon vappupuhe. Kuin linkkin\u00e4 historiaan n\u00e4htiin SKP:n edustajilla vaatimusjulisteita, h\u00e4vitt\u00e4j\u00e4miljardien siirt\u00e4miseksi kuntapalveluihin ja demokratian ja palveluiden lis\u00e4\u00e4mist\u00e4 Vantaalla. Parempien olojen vaatimus oli my\u00f6s 1918 tapahtumien&hellip;<\/p>\n<p class=\"more-link-p\"><a class=\"more-link\" href=\"https:\/\/www.asukkaidenvantaa.fi\/?p=4596\">Lue lis\u00e4\u00e4 \u2192<\/a><\/p>\n","protected":false},"author":5003,"featured_media":4602,"comment_status":"closed","ping_status":"closed","sticky":false,"template":"","format":"standard","meta":{"footnotes":""},"categories":[504,35],"tags":[],"class_list":["post-4596","post","type-post","status-publish","format-standard","has-post-thumbnail","hentry","category-etusivu","category-tapahtumat"],"_links":{"self":[{"href":"https:\/\/www.asukkaidenvantaa.fi\/index.php?rest_route=\/wp\/v2\/posts\/4596","targetHints":{"allow":["GET"]}}],"collection":[{"href":"https:\/\/www.asukkaidenvantaa.fi\/index.php?rest_route=\/wp\/v2\/posts"}],"about":[{"href":"https:\/\/www.asukkaidenvantaa.fi\/index.php?rest_route=\/wp\/v2\/types\/post"}],"author":[{"embeddable":true,"href":"https:\/\/www.asukkaidenvantaa.fi\/index.php?rest_route=\/wp\/v2\/users\/5003"}],"replies":[{"embeddable":true,"href":"https:\/\/www.asukkaidenvantaa.fi\/index.php?rest_route=%2Fwp%2Fv2%2Fcomments&post=4596"}],"version-history":[{"count":2,"href":"https:\/\/www.asukkaidenvantaa.fi\/index.php?rest_route=\/wp\/v2\/posts\/4596\/revisions"}],"predecessor-version":[{"id":4600,"href":"https:\/\/www.asukkaidenvantaa.fi\/index.php?rest_route=\/wp\/v2\/posts\/4596\/revisions\/4600"}],"wp:featuredmedia":[{"embeddable":true,"href":"https:\/\/www.asukkaidenvantaa.fi\/index.php?rest_route=\/wp\/v2\/media\/4602"}],"wp:attachment":[{"href":"https:\/\/www.asukkaidenvantaa.fi\/index.php?rest_route=%2Fwp%2Fv2%2Fmedia&parent=4596"}],"wp:term":[{"taxonomy":"category","embeddable":true,"href":"https:\/\/www.asukkaidenvantaa.fi\/index.php?rest_route=%2Fwp%2Fv2%2Fcategories&post=4596"},{"taxonomy":"post_tag","embeddable":true,"href":"https:\/\/www.asukkaidenvantaa.fi\/index.php?rest_route=%2Fwp%2Fv2%2Ftags&post=4596"}],"curies":[{"name":"wp","href":"https:\/\/api.w.org\/{rel}","templated":true}]}}