{"id":4583,"date":"2021-03-15T12:06:00","date_gmt":"2021-03-15T12:06:00","guid":{"rendered":"https:\/\/www.asukkaidenvantaa.fi\/?p=4583"},"modified":"2021-03-15T12:06:00","modified_gmt":"2021-03-15T12:06:00","slug":"skpn-korson-osasto-kasvomaskien-jakelupisteita-lisattava-vantaalla","status":"publish","type":"post","link":"https:\/\/www.asukkaidenvantaa.fi\/?p=4583","title":{"rendered":"SKP:n Korson osasto: Kasvomaskien jakelupisteit\u00e4 lis\u00e4tt\u00e4v\u00e4 Vantaalla"},"content":{"rendered":"\n<figure class=\"wp-block-image size-medium\"><a href=\"https:\/\/www.asukkaidenvantaa.fi\/wp-content\/uploads\/\/sites\/31\/2021\/03\/Ansiktsmasker.jpg\"><img decoding=\"async\" src=\"https:\/\/www.asukkaidenvantaa.fi\/wp-content\/uploads\/\/sites\/31\/2021\/03\/Ansiktsmasker-300x225.jpg\" alt=\"Kasvomaskeja p\u00f6yd\u00e4ll\u00e4.\" class=\"wp-image-4584\" \/><\/a><\/figure>\n\n\n\n<p><strong>Vantaan kaupunki on jo jonkin aikaa jakanut maksuttomia kasvomaskeja v\u00e4h\u00e4varaisimmille ja haavoittuvimmassa asemassa oleville kaupunkiin sijoitettujen jakelupisteiden kautta. SKP:n Korson osasto moittii kaupunkia siit\u00e4, ett\u00e4 alueellisesti katsottuna ilman omaa jakelupistett\u00e4 on kuitenkin j\u00e4\u00e4nyt isojakin alueita.<\/strong><\/p>\n\n\n\n<p>Koko maata koskevan kasvomaskisuosituksen sek\u00e4 13.3. voimaan astuneen HSL:n julkisen l\u00e4hiliikenteen maskipakon k\u00e4yt\u00e4nn\u00f6n toteutumisen vuoksi maskien maksuton jako on ehdottoman t\u00e4rke\u00e4\u00e4, jotta kenell\u00e4k\u00e4\u00e4n syy maskittomuuteen ei olisi heikko rahatilanne. On my\u00f6s \u00e4\u00e4rimm\u00e4isen hienoa, ett\u00e4 jakelupisteiss\u00e4 ei vaadita mink\u00e4\u00e4nlaista k\u00f6yhyystodistusta. N\u00e4in maskijako on v\u00e4hemm\u00e4n leimaavaa ja nopeammin sujuvaa.<\/p>\n\n\n\n<blockquote class=\"wp-block-quote is-layout-flow wp-block-quote-is-layout-flow\"><p>Korson, Martinlaakson ja Kivist\u00f6n on ehdottomasti saatava omat maskijakelun pisteens\u00e4.<\/p><\/blockquote>\n\n\n\n<p>T\u00e4ll\u00e4 hetkell\u00e4 maskeja jaetaan Vantaalla yhteens\u00e4 seitsem\u00e4ss\u00e4 paikassa; Hakunilassa, L\u00e4nsim\u00e4ess\u00e4, Koivukyl\u00e4ss\u00e4, Myyrm\u00e4ess\u00e4 ja kolmessa eri pisteess\u00e4 Tikkurilassa. Jakelupisteiden suunnittelussa alueiden tasavertaisuus ei n\u00e4y parhaalla mahdollisella tavalla. Jakelupisteit\u00e4 ei l\u00f6ydy esimerkiksi lainkaan Korsosta, Martinlaaksosta tai Kivist\u00f6st\u00e4.<\/p>\n\n\n\n<p>Per\u00e4\u00e4nkuulutamme yhdenvertaisuuden t\u00e4rkeytt\u00e4 v\u00e4h\u00e4varaisille suunnatun maskijakelun pisteiden sijoittamisessa. Korson, Martinlaakson ja Kivist\u00f6n on ehdottomasti saatava omat maskijakelun pisteens\u00e4, jotta mahdollisimman harvalle tulisi tarvetta erikseen matkustaa hakemaan maskeja. Maskit kaupunkilaisille k\u00e4velyet\u00e4isyydell\u00e4!<\/p>\n","protected":false},"excerpt":{"rendered":"<p>Vantaan kaupunki on jo jonkin aikaa jakanut maksuttomia kasvomaskeja v\u00e4h\u00e4varaisimmille ja haavoittuvimmassa asemassa oleville kaupunkiin sijoitettujen jakelupisteiden kautta. SKP:n Korson osasto moittii kaupunkia siit\u00e4, ett\u00e4 alueellisesti katsottuna ilman omaa jakelupistett\u00e4 on kuitenkin j\u00e4\u00e4nyt isojakin alueita. Koko maata koskevan kasvomaskisuosituksen sek\u00e4 13.3. voimaan astuneen HSL:n julkisen l\u00e4hiliikenteen maskipakon k\u00e4yt\u00e4nn\u00f6n toteutumisen vuoksi maskien maksuton jako on ehdottoman&hellip;<\/p>\n<p class=\"more-link-p\"><a class=\"more-link\" href=\"https:\/\/www.asukkaidenvantaa.fi\/?p=4583\">Lue lis\u00e4\u00e4 \u2192<\/a><\/p>\n","protected":false},"author":32039,"featured_media":0,"comment_status":"closed","ping_status":"closed","sticky":false,"template":"","format":"standard","meta":{"footnotes":""},"categories":[504,28,355],"tags":[],"class_list":["post-4583","post","type-post","status-publish","format-standard","hentry","category-etusivu","category-mielipiteet","category-ajankohtaisia"],"_links":{"self":[{"href":"https:\/\/www.asukkaidenvantaa.fi\/index.php?rest_route=\/wp\/v2\/posts\/4583","targetHints":{"allow":["GET"]}}],"collection":[{"href":"https:\/\/www.asukkaidenvantaa.fi\/index.php?rest_route=\/wp\/v2\/posts"}],"about":[{"href":"https:\/\/www.asukkaidenvantaa.fi\/index.php?rest_route=\/wp\/v2\/types\/post"}],"author":[{"embeddable":true,"href":"https:\/\/www.asukkaidenvantaa.fi\/index.php?rest_route=\/wp\/v2\/users\/32039"}],"replies":[{"embeddable":true,"href":"https:\/\/www.asukkaidenvantaa.fi\/index.php?rest_route=%2Fwp%2Fv2%2Fcomments&post=4583"}],"version-history":[{"count":1,"href":"https:\/\/www.asukkaidenvantaa.fi\/index.php?rest_route=\/wp\/v2\/posts\/4583\/revisions"}],"predecessor-version":[{"id":4585,"href":"https:\/\/www.asukkaidenvantaa.fi\/index.php?rest_route=\/wp\/v2\/posts\/4583\/revisions\/4585"}],"wp:attachment":[{"href":"https:\/\/www.asukkaidenvantaa.fi\/index.php?rest_route=%2Fwp%2Fv2%2Fmedia&parent=4583"}],"wp:term":[{"taxonomy":"category","embeddable":true,"href":"https:\/\/www.asukkaidenvantaa.fi\/index.php?rest_route=%2Fwp%2Fv2%2Fcategories&post=4583"},{"taxonomy":"post_tag","embeddable":true,"href":"https:\/\/www.asukkaidenvantaa.fi\/index.php?rest_route=%2Fwp%2Fv2%2Ftags&post=4583"}],"curies":[{"name":"wp","href":"https:\/\/api.w.org\/{rel}","templated":true}]}}