{"id":4577,"date":"2021-03-12T08:46:20","date_gmt":"2021-03-12T08:46:20","guid":{"rendered":"http:\/\/www.asukkaidenvantaa.fi\/?p=4577"},"modified":"2021-03-12T08:46:20","modified_gmt":"2021-03-12T08:46:20","slug":"kuntavaaleihin-kuntalaisten-palvelujen-parantamiseksi","status":"publish","type":"post","link":"https:\/\/www.asukkaidenvantaa.fi\/?p=4577","title":{"rendered":"Kuntavaaleihin kuntalaisten palvelujen parantamiseksi"},"content":{"rendered":"\n<figure class=\"wp-block-image size-large is-resized\"><a href=\"http:\/\/www.asukkaidenvantaa.fi\/wp-content\/uploads\/\/sites\/31\/2021\/03\/Kuntavaalit-2021-ehdokkaat.jpg\"><img loading=\"lazy\" decoding=\"async\" src=\"http:\/\/www.asukkaidenvantaa.fi\/wp-content\/uploads\/\/sites\/31\/2021\/03\/Kuntavaalit-2021-ehdokkaat-1024x450.jpg\" alt=\"\" class=\"wp-image-4579\" width=\"774\" height=\"339\" srcset=\"https:\/\/www.asukkaidenvantaa.fi\/wp-content\/uploads\/sites\/31\/2021\/03\/Kuntavaalit-2021-ehdokkaat-1024x450.jpg 1024w, https:\/\/www.asukkaidenvantaa.fi\/wp-content\/uploads\/sites\/31\/2021\/03\/Kuntavaalit-2021-ehdokkaat-300x132.jpg 300w, https:\/\/www.asukkaidenvantaa.fi\/wp-content\/uploads\/sites\/31\/2021\/03\/Kuntavaalit-2021-ehdokkaat-768x337.jpg 768w, https:\/\/www.asukkaidenvantaa.fi\/wp-content\/uploads\/sites\/31\/2021\/03\/Kuntavaalit-2021-ehdokkaat-1536x674.jpg 1536w, https:\/\/www.asukkaidenvantaa.fi\/wp-content\/uploads\/sites\/31\/2021\/03\/Kuntavaalit-2021-ehdokkaat-560x246.jpg 560w, https:\/\/www.asukkaidenvantaa.fi\/wp-content\/uploads\/sites\/31\/2021\/03\/Kuntavaalit-2021-ehdokkaat-260x114.jpg 260w, https:\/\/www.asukkaidenvantaa.fi\/wp-content\/uploads\/sites\/31\/2021\/03\/Kuntavaalit-2021-ehdokkaat-160x70.jpg 160w, https:\/\/www.asukkaidenvantaa.fi\/wp-content\/uploads\/sites\/31\/2021\/03\/Kuntavaalit-2021-ehdokkaat.jpg 1708w\" sizes=\"auto, (max-width: 774px) 100vw, 774px\" \/><\/a><\/figure>\n\n\n\n<p>SKP:n Vantaan kaupunkij\u00e4rjest\u00f6 on j\u00e4tt\u00e4nyt ehdokaslistan vuoden 2021 kuntavaaleihin Vantaalla.<\/p>\n\n\n\n<p>Vaaleihin l\u00e4hdet\u00e4\u00e4n yleisin ja yksityiskohtaisin vaatimuksin. Rauha ja h\u00e4vitt\u00e4j\u00e4hankinnat. Ty\u00f6llisyys, ty\u00f6paikat ja kuuden tunnin ty\u00f6aika. Palvelut ja hyvinvointi; vanhukset, lapset, terveys ja koulutus. Demokratia ja asukkaiden osallistuminen. Ymp\u00e4rist\u00f6kriisi, kaavoitus ja asuminen. Sote uudistus ja palveluiden turvaaminen.<\/p>\n\n\n\n<p>Paljon hyvi\u00e4 tavoitteita joiden taakse varmasti saadaan kannattajia. <\/p>\n\n\n\n<p>Kuntavaalien siirtyess\u00e4 huhtikuulta kes\u00e4kuulle ehtii viel\u00e4 mukaan ehdokkaksi. Jos haluat edist\u00e4\u00e4 kommunistien vaaliohjelman tavoitteita, ota yhteytt\u00e4.<\/p>\n","protected":false},"excerpt":{"rendered":"<p>SKP:n Vantaan kaupunkij\u00e4rjest\u00f6 on j\u00e4tt\u00e4nyt ehdokaslistan vuoden 2021 kuntavaaleihin Vantaalla. Vaaleihin l\u00e4hdet\u00e4\u00e4n yleisin ja yksityiskohtaisin vaatimuksin. Rauha ja h\u00e4vitt\u00e4j\u00e4hankinnat. Ty\u00f6llisyys, ty\u00f6paikat ja kuuden tunnin ty\u00f6aika. Palvelut ja hyvinvointi; vanhukset, lapset, terveys ja koulutus. Demokratia ja asukkaiden osallistuminen. Ymp\u00e4rist\u00f6kriisi, kaavoitus ja asuminen. Sote uudistus ja palveluiden turvaaminen. Paljon hyvi\u00e4 tavoitteita joiden taakse varmasti saadaan kannattajia. Kuntavaalien&hellip;<\/p>\n<p class=\"more-link-p\"><a class=\"more-link\" href=\"https:\/\/www.asukkaidenvantaa.fi\/?p=4577\">Lue lis\u00e4\u00e4 \u2192<\/a><\/p>\n","protected":false},"author":5003,"featured_media":4581,"comment_status":"closed","ping_status":"closed","sticky":false,"template":"","format":"standard","meta":{"footnotes":""},"categories":[504,28],"tags":[524,523,12],"class_list":["post-4577","post","type-post","status-publish","format-standard","has-post-thumbnail","hentry","category-etusivu","category-mielipiteet","tag-havittajahankinnat","tag-kuntavaalit","tag-skp"],"_links":{"self":[{"href":"https:\/\/www.asukkaidenvantaa.fi\/index.php?rest_route=\/wp\/v2\/posts\/4577","targetHints":{"allow":["GET"]}}],"collection":[{"href":"https:\/\/www.asukkaidenvantaa.fi\/index.php?rest_route=\/wp\/v2\/posts"}],"about":[{"href":"https:\/\/www.asukkaidenvantaa.fi\/index.php?rest_route=\/wp\/v2\/types\/post"}],"author":[{"embeddable":true,"href":"https:\/\/www.asukkaidenvantaa.fi\/index.php?rest_route=\/wp\/v2\/users\/5003"}],"replies":[{"embeddable":true,"href":"https:\/\/www.asukkaidenvantaa.fi\/index.php?rest_route=%2Fwp%2Fv2%2Fcomments&post=4577"}],"version-history":[{"count":2,"href":"https:\/\/www.asukkaidenvantaa.fi\/index.php?rest_route=\/wp\/v2\/posts\/4577\/revisions"}],"predecessor-version":[{"id":4580,"href":"https:\/\/www.asukkaidenvantaa.fi\/index.php?rest_route=\/wp\/v2\/posts\/4577\/revisions\/4580"}],"wp:featuredmedia":[{"embeddable":true,"href":"https:\/\/www.asukkaidenvantaa.fi\/index.php?rest_route=\/wp\/v2\/media\/4581"}],"wp:attachment":[{"href":"https:\/\/www.asukkaidenvantaa.fi\/index.php?rest_route=%2Fwp%2Fv2%2Fmedia&parent=4577"}],"wp:term":[{"taxonomy":"category","embeddable":true,"href":"https:\/\/www.asukkaidenvantaa.fi\/index.php?rest_route=%2Fwp%2Fv2%2Fcategories&post=4577"},{"taxonomy":"post_tag","embeddable":true,"href":"https:\/\/www.asukkaidenvantaa.fi\/index.php?rest_route=%2Fwp%2Fv2%2Ftags&post=4577"}],"curies":[{"name":"wp","href":"https:\/\/api.w.org\/{rel}","templated":true}]}}