{"id":4570,"date":"2021-02-09T06:56:06","date_gmt":"2021-02-09T06:56:06","guid":{"rendered":"http:\/\/www.asukkaidenvantaa.fi\/?p=4570"},"modified":"2021-02-09T06:56:06","modified_gmt":"2021-02-09T06:56:06","slug":"kommunistit-julkaisivat-ohjelmansa-kevaan-kuntavaaleihin","status":"publish","type":"post","link":"https:\/\/www.asukkaidenvantaa.fi\/?p=4570","title":{"rendered":"Kommunistit julkaisivat ohjelmansa kev\u00e4\u00e4n kuntavaaleihin"},"content":{"rendered":"\n<figure class=\"wp-block-image size-large is-resized\"><img loading=\"lazy\" decoding=\"async\" src=\"http:\/\/www.asukkaidenvantaa.fi\/wp-content\/uploads\/\/sites\/31\/2021\/02\/278-kopio-1024x768.jpg\" alt=\"\" class=\"wp-image-4572\" width=\"700\" height=\"525\" srcset=\"https:\/\/www.asukkaidenvantaa.fi\/wp-content\/uploads\/sites\/31\/2021\/02\/278-kopio-1024x768.jpg 1024w, https:\/\/www.asukkaidenvantaa.fi\/wp-content\/uploads\/sites\/31\/2021\/02\/278-kopio-300x225.jpg 300w, https:\/\/www.asukkaidenvantaa.fi\/wp-content\/uploads\/sites\/31\/2021\/02\/278-kopio-768x576.jpg 768w, https:\/\/www.asukkaidenvantaa.fi\/wp-content\/uploads\/sites\/31\/2021\/02\/278-kopio-1536x1152.jpg 1536w, https:\/\/www.asukkaidenvantaa.fi\/wp-content\/uploads\/sites\/31\/2021\/02\/278-kopio-2048x1536.jpg 2048w, https:\/\/www.asukkaidenvantaa.fi\/wp-content\/uploads\/sites\/31\/2021\/02\/278-kopio-560x420.jpg 560w, https:\/\/www.asukkaidenvantaa.fi\/wp-content\/uploads\/sites\/31\/2021\/02\/278-kopio-260x195.jpg 260w, https:\/\/www.asukkaidenvantaa.fi\/wp-content\/uploads\/sites\/31\/2021\/02\/278-kopio-160x120.jpg 160w, https:\/\/www.asukkaidenvantaa.fi\/wp-content\/uploads\/sites\/31\/2021\/02\/278-kopio-386x290.jpg 386w, https:\/\/www.asukkaidenvantaa.fi\/wp-content\/uploads\/sites\/31\/2021\/02\/278-kopio-290x218.jpg 290w, https:\/\/www.asukkaidenvantaa.fi\/wp-content\/uploads\/sites\/31\/2021\/02\/278-kopio-193x145.jpg 193w\" sizes=\"auto, (max-width: 700px) 100vw, 700px\" \/><figcaption>Kuva edellistenneduskuntavaalien kampanjakiertueelta. Vaatimukset yh\u00e4 voimassa. Yhteiskunta muuttuu joskus hitaasti. Jos ei yritet\u00e4, niin ei se muutu lainkaan.<\/figcaption><\/figure>\n\n\n\n<p>Suomen kommunistinen puolue (SKP) julkaisi t\u00e4n\u00e4\u00e4n kuntavaaliohjelmansa ja sen mukana my\u00f6s tunnuksen kev\u00e4\u00e4n vaaleissa. Samana p\u00e4iv\u00e4n\u00e4 j\u00e4rjestettiin et\u00e4n\u00e4 tiedotustilaisuus, jossa kommunistit esitteliv\u00e4t vaalien k\u00e4rkiteemoja. SKP:n tunnus vuoden 2021 kuntavaaleissa on \u201dH\u00e4vitt\u00e4j\u00e4miljardit kuntapalveluihin\u201d.<\/p>\n\n\n\n<p>\u2013 Suomen kommunistisen puolueen kuntavaaliohjelmassa korostuvat vuonna 2021 konkreettiset ja \u00e4\u00e4rimm\u00e4isen t\u00e4rke\u00e4t vaatimukset ihmisten hyvinvoinnin rakentamiseksi. Kunnilta on jo vuosikymmeni\u00e4 leikattu varoja samaan aikaan, kun porvareille ja hyv\u00e4tuloisille on annettu verohelpotuksia ja yrityksille jaettu tukia. Mik\u00e4li kuntien mahdollisuudet parantaa ihmisten hyvinvointia otettaisiin kokonaisuudessaan k\u00e4ytt\u00f6\u00f6n, saisimme lis\u00e4\u00e4 ty\u00f6paikkoja, hyvinvointia ja varmuuden siit\u00e4, ett\u00e4 ongelmiin l\u00f6ydet\u00e4\u00e4n ratkaisuja, todetaan SKP:n kuntavaaliohjelman alkup\u00e4\u00e4ss\u00e4.<\/p>\n\n\n\n<h4 class=\"wp-block-heading\">H\u00e4vitt\u00e4j\u00e4miljardit kuntapalveluihin<\/h4>\n\n\n\n<p>SKP teki loppuvuonna 2020 sen, mit\u00e4 moni piti korona-aikana mahdottomana: ker\u00e4si 5000 kannattajakorttia turuilla ja toreilla. Uudelleen rekister\u00f6ityn\u00e4 SKP l\u00e4htee kev\u00e4\u00e4n kuntavaaleihin, jossa tavoitteena on jatkaa positiivisten tapahtumien merkeiss\u00e4 ja ottaa paikkoja valtuustoissa kautta maan.<\/p>\n\n\n\n<p>Tiedotustilaisuudessa 3. helmikuuta verkon yli puhuivat puolueen puheenjohtaja&nbsp;<strong>JP (Juha-Pekka) V\u00e4is\u00e4nen<\/strong>, p\u00e4\u00e4sihteeri&nbsp;<strong>Tiina Sandberg<\/strong>&nbsp;ja jyv\u00e4skyl\u00e4l\u00e4inen kuntavaaliehdokas&nbsp;<strong>Riitta Tynj\u00e4<\/strong>. Zoom-tilaisuuden luotsasi Tiedonantajan p\u00e4\u00e4toimittaja&nbsp;<strong>Petra Packal\u00e9n<\/strong>.<\/p>\n\n\n\n<p>\u2013 Kommunistien kuntavaaliohjelma on hyvin laaja ja se koskettaa monenlaisia ihmisryhmi\u00e4. Lis\u00e4ksi siell\u00e4 esitet\u00e4\u00e4n konkreettisia keinoja palvelujen kustannusten kattamiseksi. Meid\u00e4n kuntavaalitunnus \u201dH\u00e4vitt\u00e4j\u00e4miljardit kuntapalveluihin\u201d on jo itsess\u00e4\u00e4n konkreettinen esimerkki siit\u00e4, mihin kommunistit eiv\u00e4t halua tuhlata rahaa yhteiskunnassamme, kertoo Packal\u00e9n ohjelmasta ja tunnuksesta yleisesti.<\/p>\n\n\n\n<p>JP (Juha-Pekka) V\u00e4is\u00e4sen mielest\u00e4 kuntien on mahdollista vahvistaa huomattavasti rooliaan ty\u00f6llist\u00e4jin\u00e4, tuottamalla itse mahdollisimman iso osa palveluista.<\/p>\n\n\n\n<p>\u2013 Lis\u00e4ty\u00f6paikkoja t\u00e4ytyy luoda kuntiin. T\u00f6iss\u00e4 kunnilla ja kaupungeissa tarkoittaa sit\u00e4, ett\u00e4 me ollaan t\u00f6iss\u00e4 ihan omassa, kaikkien kuntalaista yhdess\u00e4 omistamassa. Sellaisessa, miss\u00e4 p\u00e4\u00e4tet\u00e4\u00e4n yhdess\u00e4, jossa tehd\u00e4\u00e4n reiluja toimintatapoja ja jossa niit\u00e4 my\u00f6s noudatetaan, sanoi V\u00e4is\u00e4nen tiedotustilaisuudessa.<br><br>\u2013 Paras tapa kunnille hoitaa ty\u00f6llisyytt\u00e4\u00e4n on j\u00e4rjest\u00e4\u00e4 suurin osa palveluistaan itse, ty\u00f6llist\u00e4en n\u00e4in kuntalaisia ja vahvistaen paikallistaloutta, V\u00e4is\u00e4nen jatkoi.<\/p>\n\n\n\n<h4 class=\"wp-block-heading\">Vanhuspalvelut kuntoon<\/h4>\n\n\n\n<p>Riitta Tynj\u00e4n mielest\u00e4 vanhusten kotihoitoon tulee laatia hoitajamitoitus ja laadukasta, ymp\u00e4rivuorokautista hoitoa tarjoavia paikkoja tarvitaan tuntuvasti lis\u00e4\u00e4.<\/p>\n\n\n\n<p>\u2013 Suomi on pohjoismaisessa vertailussa ik\u00e4v\u00e4 kyll\u00e4 h\u00e4nt\u00e4p\u00e4\u00e4ss\u00e4, kun katsotaan esimerkiksi vanhuspalveluihin k\u00e4ytett\u00e4vien menojen osuutta BTK:sta, tai vanhuspalvelujen ty\u00f6ntekij\u00f6iden m\u00e4\u00e4r\u00e4\u00e4. Sen sijaan ty\u00f6ntekij\u00f6iden ty\u00f6paine on tutkimusten mukaan pohjoismaiden korkein, latasi Tynj\u00e4 vanhuspalvelujen tilanteesta.<\/p>\n\n\n\n<h4 class=\"wp-block-heading\">Demokratia kunniaan<\/h4>\n\n\n\n<p>Tiina Sandbergin mielest\u00e4 asukkailla on halua ja tietoa vaikuttaa oman asuinalueensa ja kotikuntansa asioihin.<br><br>\u2013 Mahdollisuuksia siihen tulee lis\u00e4t\u00e4 sen sijaan, ett\u00e4 keskitet\u00e4\u00e4n p\u00e4\u00e4t\u00f6svaltaa pormestarimallilla, sote-maakunnissa tai esimerkiksi kaavoituksessa, sanoi Sandberg.<br><br>\u2013 SKP hakee n\u00e4iss\u00e4 vaaleissa paikkoja kunnissa. Ei siksi, ett\u00e4 se on parlamentaarisen puolueen oletettu velvollisuus, eik\u00e4 siksi ett\u00e4 saisimme nostettua valtaan yksil\u00f6it\u00e4. Me haluamme, ett\u00e4 asukkaiden itsehallinto sek\u00e4 osallistumis- ja vaikuttamismahdollisuudet toteutuvat kunnan toiminnassa ja ett\u00e4 kunta edist\u00e4\u00e4 asukkaidensa hyvinvointia ja alueensa elinvoimaa sek\u00e4 j\u00e4rjest\u00e4\u00e4 asukkailleen palvelut taloudellisesti, sosiaalisesti ja ymp\u00e4rist\u00f6llisesti kest\u00e4v\u00e4ll\u00e4 tavalla. Suomen kuntalaki l\u00e4htee jo t\u00e4st\u00e4 ajatuksesta. Otetaan se t\u00e4ysimittaisesti k\u00e4ytt\u00f6\u00f6n, vaati Sandberg.<br>&nbsp;<\/p>\n\n\n\n<p>Kommunistien kuntavaaliohjelma on luettavissa osoitteessa&nbsp;<a href=\"http:\/\/www.skp.fi\/kuntavaaliohjelma2021\" rel=\"noreferrer noopener\" target=\"_blank\"><u>www.skp.fi\/kuntavaaliohjelma2021<\/u><\/a><\/p>\n\n\n\n<p>Videotallenne julkistamistilaisuudesta on katsottavissa puolueen tubekanalla osoitteessa&nbsp;<a rel=\"noreferrer noopener\" href=\"https:\/\/youtu.be\/1uR5wJVSBPI\" target=\"_blank\">https:\/\/youtu.be\/1uR5wJVSBPI<\/a><\/p>\n\n\n\n<p>Aihe: <a href=\"http:\/\/skp-vantaa.fi\/aihe\/ajankohtaista\/\">Ajankohtaista<\/a>, <a href=\"http:\/\/skp-vantaa.fi\/aihe\/etusivu\/\">Etusivu<\/a> | <a href=\"http:\/\/skp-vantaa.fi\/wp-admin\/post.php?post=2782&amp;action=edit\">Muokkaa<\/a><\/p>\n","protected":false},"excerpt":{"rendered":"<p>Suomen kommunistinen puolue (SKP) julkaisi t\u00e4n\u00e4\u00e4n kuntavaaliohjelmansa ja sen mukana my\u00f6s tunnuksen kev\u00e4\u00e4n vaaleissa. Samana p\u00e4iv\u00e4n\u00e4 j\u00e4rjestettiin et\u00e4n\u00e4 tiedotustilaisuus, jossa kommunistit esitteliv\u00e4t vaalien k\u00e4rkiteemoja. SKP:n tunnus vuoden 2021 kuntavaaleissa on \u201dH\u00e4vitt\u00e4j\u00e4miljardit kuntapalveluihin\u201d. \u2013 Suomen kommunistisen puolueen kuntavaaliohjelmassa korostuvat vuonna 2021 konkreettiset ja \u00e4\u00e4rimm\u00e4isen t\u00e4rke\u00e4t vaatimukset ihmisten hyvinvoinnin rakentamiseksi. Kunnilta on jo vuosikymmeni\u00e4 leikattu varoja samaan&hellip;<\/p>\n<p class=\"more-link-p\"><a class=\"more-link\" href=\"https:\/\/www.asukkaidenvantaa.fi\/?p=4570\">Lue lis\u00e4\u00e4 \u2192<\/a><\/p>\n","protected":false},"author":5003,"featured_media":0,"comment_status":"closed","ping_status":"closed","sticky":false,"template":"","format":"standard","meta":{"footnotes":""},"categories":[504,28,35],"tags":[],"class_list":["post-4570","post","type-post","status-publish","format-standard","hentry","category-etusivu","category-mielipiteet","category-tapahtumat"],"_links":{"self":[{"href":"https:\/\/www.asukkaidenvantaa.fi\/index.php?rest_route=\/wp\/v2\/posts\/4570","targetHints":{"allow":["GET"]}}],"collection":[{"href":"https:\/\/www.asukkaidenvantaa.fi\/index.php?rest_route=\/wp\/v2\/posts"}],"about":[{"href":"https:\/\/www.asukkaidenvantaa.fi\/index.php?rest_route=\/wp\/v2\/types\/post"}],"author":[{"embeddable":true,"href":"https:\/\/www.asukkaidenvantaa.fi\/index.php?rest_route=\/wp\/v2\/users\/5003"}],"replies":[{"embeddable":true,"href":"https:\/\/www.asukkaidenvantaa.fi\/index.php?rest_route=%2Fwp%2Fv2%2Fcomments&post=4570"}],"version-history":[{"count":2,"href":"https:\/\/www.asukkaidenvantaa.fi\/index.php?rest_route=\/wp\/v2\/posts\/4570\/revisions"}],"predecessor-version":[{"id":4573,"href":"https:\/\/www.asukkaidenvantaa.fi\/index.php?rest_route=\/wp\/v2\/posts\/4570\/revisions\/4573"}],"wp:attachment":[{"href":"https:\/\/www.asukkaidenvantaa.fi\/index.php?rest_route=%2Fwp%2Fv2%2Fmedia&parent=4570"}],"wp:term":[{"taxonomy":"category","embeddable":true,"href":"https:\/\/www.asukkaidenvantaa.fi\/index.php?rest_route=%2Fwp%2Fv2%2Fcategories&post=4570"},{"taxonomy":"post_tag","embeddable":true,"href":"https:\/\/www.asukkaidenvantaa.fi\/index.php?rest_route=%2Fwp%2Fv2%2Ftags&post=4570"}],"curies":[{"name":"wp","href":"https:\/\/api.w.org\/{rel}","templated":true}]}}