{"id":4551,"date":"2021-01-15T06:31:25","date_gmt":"2021-01-15T06:31:25","guid":{"rendered":"http:\/\/www.asukkaidenvantaa.fi\/?p=4551"},"modified":"2021-01-15T06:35:15","modified_gmt":"2021-01-15T06:35:15","slug":"kohti-kuuden-tunnin-tyopaivaa","status":"publish","type":"post","link":"https:\/\/www.asukkaidenvantaa.fi\/?p=4551","title":{"rendered":"Kohti kuuden tunnin ty\u00f6p\u00e4iv\u00e4\u00e4"},"content":{"rendered":"\n<p>Keskustelu ty\u00f6ajan lyhent\u00e4misest\u00e4 koko Euroopassa tihenee. SKP:n yksi keskeisist\u00e4 aloitteista ja vaatimuksista on siirtyminen kuuden tunnin ty\u00f6aikaan ansiotasoa alentamatta.<\/p>\n\n\n\n<p>Ty\u00f6 ja sen tulokset on jaettava uudella tavalla. Kaikille ty\u00f6t\u00e4 ja kaikille toimeentulo ty\u00f6st\u00e4.<\/p>\n\n\n\n<p>Asiaa pohditaan 6. &#8211; 7.2.2021 LYHYEMPI TY\u00d6AIKA HELSINKI-SEMINAARISSA<\/p>\n\n\n\n<p>Korona-tilanteen vuoksi Helsinki-Seminaari toteutetaan ZOOM ALUSTALLA<\/p>\n\n\n\n<figure class=\"wp-block-image size-large is-resized\"><img loading=\"lazy\" decoding=\"async\" src=\"http:\/\/www.asukkaidenvantaa.fi\/wp-content\/uploads\/\/sites\/31\/2021\/01\/Helsinki-seminaari-1024x427.png\" alt=\"\" class=\"wp-image-4552\" width=\"775\" height=\"322\" srcset=\"https:\/\/www.asukkaidenvantaa.fi\/wp-content\/uploads\/sites\/31\/2021\/01\/Helsinki-seminaari-1024x427.png 1024w, https:\/\/www.asukkaidenvantaa.fi\/wp-content\/uploads\/sites\/31\/2021\/01\/Helsinki-seminaari-300x125.png 300w, https:\/\/www.asukkaidenvantaa.fi\/wp-content\/uploads\/sites\/31\/2021\/01\/Helsinki-seminaari-768x320.png 768w, https:\/\/www.asukkaidenvantaa.fi\/wp-content\/uploads\/sites\/31\/2021\/01\/Helsinki-seminaari-1536x640.png 1536w, https:\/\/www.asukkaidenvantaa.fi\/wp-content\/uploads\/sites\/31\/2021\/01\/Helsinki-seminaari-560x233.png 560w, https:\/\/www.asukkaidenvantaa.fi\/wp-content\/uploads\/sites\/31\/2021\/01\/Helsinki-seminaari-260x108.png 260w, https:\/\/www.asukkaidenvantaa.fi\/wp-content\/uploads\/sites\/31\/2021\/01\/Helsinki-seminaari-160x67.png 160w, https:\/\/www.asukkaidenvantaa.fi\/wp-content\/uploads\/sites\/31\/2021\/01\/Helsinki-seminaari.png 1800w\" sizes=\"auto, (max-width: 775px) 100vw, 775px\" \/><\/figure>\n\n\n\n<p>Alustajia ja panelisteja sek\u00e4 kotimaasta ett\u00e4 Euroopasta<\/p>\n\n\n\n<p>Ohjelmassa avataan ty\u00f6aikakysymyst\u00e4 alustuksin ja paneelikeskusteluissa. Linkki seminaarin<a href=\"https:\/\/www.skp.fi\/sites\/default\/files\/Lyhyempi%20ty%C3%B6aika%20-%20Helsinki-seminaari_seminaariohjelma_100320_0.pdf\" data-type=\"URL\" data-id=\"https:\/\/www.skp.fi\/sites\/default\/files\/Lyhyempi%20ty%C3%B6aika%20-%20Helsinki-seminaari_seminaariohjelma_100320_0.pdf\"> <\/a><a href=\"https:\/\/www.facebook.com\/events\/779609662632675\" data-type=\"URL\" data-id=\"https:\/\/www.facebook.com\/events\/779609662632675\">Facebook sivulle<\/a><\/p>\n\n\n\n<p><\/p>\n","protected":false},"excerpt":{"rendered":"<p>Keskustelu ty\u00f6ajan lyhent\u00e4misest\u00e4 koko Euroopassa tihenee. SKP:n yksi keskeisist\u00e4 aloitteista ja vaatimuksista on siirtyminen kuuden tunnin ty\u00f6aikaan ansiotasoa alentamatta. Ty\u00f6 ja sen tulokset on jaettava uudella tavalla. Kaikille ty\u00f6t\u00e4 ja kaikille toimeentulo ty\u00f6st\u00e4. Asiaa pohditaan 6. &#8211; 7.2.2021 LYHYEMPI TY\u00d6AIKA HELSINKI-SEMINAARISSA Korona-tilanteen vuoksi Helsinki-Seminaari toteutetaan ZOOM ALUSTALLA Alustajia ja panelisteja sek\u00e4 kotimaasta ett\u00e4 Euroopasta Ohjelmassa&hellip;<\/p>\n<p class=\"more-link-p\"><a class=\"more-link\" href=\"https:\/\/www.asukkaidenvantaa.fi\/?p=4551\">Lue lis\u00e4\u00e4 \u2192<\/a><\/p>\n","protected":false},"author":5003,"featured_media":4557,"comment_status":"closed","ping_status":"closed","sticky":false,"template":"","format":"standard","meta":{"footnotes":""},"categories":[504,35],"tags":[522],"class_list":["post-4551","post","type-post","status-publish","format-standard","has-post-thumbnail","hentry","category-etusivu","category-tapahtumat","tag-tyoaika"],"_links":{"self":[{"href":"https:\/\/www.asukkaidenvantaa.fi\/index.php?rest_route=\/wp\/v2\/posts\/4551","targetHints":{"allow":["GET"]}}],"collection":[{"href":"https:\/\/www.asukkaidenvantaa.fi\/index.php?rest_route=\/wp\/v2\/posts"}],"about":[{"href":"https:\/\/www.asukkaidenvantaa.fi\/index.php?rest_route=\/wp\/v2\/types\/post"}],"author":[{"embeddable":true,"href":"https:\/\/www.asukkaidenvantaa.fi\/index.php?rest_route=\/wp\/v2\/users\/5003"}],"replies":[{"embeddable":true,"href":"https:\/\/www.asukkaidenvantaa.fi\/index.php?rest_route=%2Fwp%2Fv2%2Fcomments&post=4551"}],"version-history":[{"count":3,"href":"https:\/\/www.asukkaidenvantaa.fi\/index.php?rest_route=\/wp\/v2\/posts\/4551\/revisions"}],"predecessor-version":[{"id":4555,"href":"https:\/\/www.asukkaidenvantaa.fi\/index.php?rest_route=\/wp\/v2\/posts\/4551\/revisions\/4555"}],"wp:featuredmedia":[{"embeddable":true,"href":"https:\/\/www.asukkaidenvantaa.fi\/index.php?rest_route=\/wp\/v2\/media\/4557"}],"wp:attachment":[{"href":"https:\/\/www.asukkaidenvantaa.fi\/index.php?rest_route=%2Fwp%2Fv2%2Fmedia&parent=4551"}],"wp:term":[{"taxonomy":"category","embeddable":true,"href":"https:\/\/www.asukkaidenvantaa.fi\/index.php?rest_route=%2Fwp%2Fv2%2Fcategories&post=4551"},{"taxonomy":"post_tag","embeddable":true,"href":"https:\/\/www.asukkaidenvantaa.fi\/index.php?rest_route=%2Fwp%2Fv2%2Ftags&post=4551"}],"curies":[{"name":"wp","href":"https:\/\/api.w.org\/{rel}","templated":true}]}}