{"id":4512,"date":"2020-05-02T15:16:09","date_gmt":"2020-05-02T15:16:09","guid":{"rendered":"https:\/\/www.asukkaidenvantaa.fi\/?p=4512"},"modified":"2020-05-02T15:19:19","modified_gmt":"2020-05-02T15:19:19","slug":"tohritty-muistomerkki-odotti-tyovaenjarjestoja-hiekkaharjussa-vappuna","status":"publish","type":"post","link":"https:\/\/www.asukkaidenvantaa.fi\/?p=4512","title":{"rendered":"T\u00f6hritty muistomerkki odotti ty\u00f6v\u00e4enj\u00e4rjest\u00f6j\u00e4 Hiekkaharjussa vappuna"},"content":{"rendered":"\n<p>Vantaalaisilla ty\u00f6v\u00e4enj\u00e4rjest\u00f6ill\u00e4 on on tapana k\u00e4yd\u00e4 yhdess\u00e4 kunniak\u00e4ynnill\u00e4 punaisten muistomerkill\u00e4 vappuaamuna. Koronavappuna 2020 oli varauduttu poikkeavaan j\u00e4rjestelyyn. Kukin j\u00e4rjest\u00f6 laski omat kukkansa, pienell\u00e4 joukolla vuorotellen. Itse muistotilaisuus sujui hyvin ja suunnitellusti.<\/p>\n\n\n\n<p>H\u00e4mm\u00e4styst\u00e4 ja suuttumusta aiheutti muistomerkin t\u00f6hriminen vapuksi.<\/p>\n\n\n\n<figure class=\"wp-block-image size-large\"><img loading=\"lazy\" decoding=\"async\" width=\"600\" height=\"800\" src=\"https:\/\/www.asukkaidenvantaa.fi\/wp-content\/uploads\/\/sites\/31\/2020\/05\/Vappu-2020.jpg\" alt=\"\" class=\"wp-image-4514\" srcset=\"https:\/\/www.asukkaidenvantaa.fi\/wp-content\/uploads\/sites\/31\/2020\/05\/Vappu-2020.jpg 600w, https:\/\/www.asukkaidenvantaa.fi\/wp-content\/uploads\/sites\/31\/2020\/05\/Vappu-2020-225x300.jpg 225w, https:\/\/www.asukkaidenvantaa.fi\/wp-content\/uploads\/sites\/31\/2020\/05\/Vappu-2020-560x747.jpg 560w, https:\/\/www.asukkaidenvantaa.fi\/wp-content\/uploads\/sites\/31\/2020\/05\/Vappu-2020-260x347.jpg 260w, https:\/\/www.asukkaidenvantaa.fi\/wp-content\/uploads\/sites\/31\/2020\/05\/Vappu-2020-160x213.jpg 160w\" sizes=\"auto, (max-width: 600px) 100vw, 600px\" \/><figcaption>Punaisten muistomerkki vappuaamuna 2020. Muistomerkki oli joutunut ilkivallan kohteeksi. Toivottavasti tekij\u00e4 selvitet\u00e4\u00e4n ja asetetaan vastuuseen hautarauhan rikkomisesta. Onko kyseess\u00e4 \u00e4\u00e4rioikeistolainen provokaatio?<\/figcaption><\/figure>\n\n\n\n<p>Kaikki paikkakunnalla toimivat ty\u00f6v\u00e4enpuolueet, SDP, VAS, KTP ja SKP laskivat omat kukkalaitteensa muistomerkille surumarssin soidessa. Seremoniat olivat korona-tauti tilanteesta johtuen vaatimattomat. Perinteinen luokkasodassa menehtyneiden punaisten muistamisen perinne jatkui. <\/p>\n\n\n\n<p>Poikkeukselliset olivat tilanteet vuonna 1918 luokkasodan aikanakin. Punaisia menehtyi yli 20 000.<\/p>\n\n\n\n<figure class=\"wp-block-image size-large\"><img loading=\"lazy\" decoding=\"async\" width=\"800\" height=\"512\" src=\"https:\/\/www.asukkaidenvantaa.fi\/wp-content\/uploads\/\/sites\/31\/2020\/05\/Vappu-2020-4.jpg\" alt=\"\" class=\"wp-image-4515\" srcset=\"https:\/\/www.asukkaidenvantaa.fi\/wp-content\/uploads\/sites\/31\/2020\/05\/Vappu-2020-4.jpg 800w, https:\/\/www.asukkaidenvantaa.fi\/wp-content\/uploads\/sites\/31\/2020\/05\/Vappu-2020-4-300x192.jpg 300w, https:\/\/www.asukkaidenvantaa.fi\/wp-content\/uploads\/sites\/31\/2020\/05\/Vappu-2020-4-768x492.jpg 768w, https:\/\/www.asukkaidenvantaa.fi\/wp-content\/uploads\/sites\/31\/2020\/05\/Vappu-2020-4-560x358.jpg 560w, https:\/\/www.asukkaidenvantaa.fi\/wp-content\/uploads\/sites\/31\/2020\/05\/Vappu-2020-4-260x166.jpg 260w, https:\/\/www.asukkaidenvantaa.fi\/wp-content\/uploads\/sites\/31\/2020\/05\/Vappu-2020-4-160x102.jpg 160w\" sizes=\"auto, (max-width: 800px) 100vw, 800px\" \/><figcaption>SKP:n Vantaan kaupunkij\u00e4rjest\u00f6n edustajat Juha Kovanen ja Ossi K\u00e4hmi vappuna 2020 Hiekkaharjun punaisten muistomekill\u00e4.<\/figcaption><\/figure>\n","protected":false},"excerpt":{"rendered":"<p>Vantaalaisilla ty\u00f6v\u00e4enj\u00e4rjest\u00f6ill\u00e4 on on tapana k\u00e4yd\u00e4 yhdess\u00e4 kunniak\u00e4ynnill\u00e4 punaisten muistomerkill\u00e4 vappuaamuna. Koronavappuna 2020 oli varauduttu poikkeavaan j\u00e4rjestelyyn. Kukin j\u00e4rjest\u00f6 laski omat kukkansa, pienell\u00e4 joukolla vuorotellen. Itse muistotilaisuus sujui hyvin ja suunnitellusti. H\u00e4mm\u00e4styst\u00e4 ja suuttumusta aiheutti muistomerkin t\u00f6hriminen vapuksi. Kaikki paikkakunnalla toimivat ty\u00f6v\u00e4enpuolueet, SDP, VAS, KTP ja SKP laskivat omat kukkalaitteensa muistomerkille surumarssin soidessa. Seremoniat olivat&hellip;<\/p>\n<p class=\"more-link-p\"><a class=\"more-link\" href=\"https:\/\/www.asukkaidenvantaa.fi\/?p=4512\">Lue lis\u00e4\u00e4 \u2192<\/a><\/p>\n","protected":false},"author":5003,"featured_media":4517,"comment_status":"closed","ping_status":"closed","sticky":false,"template":"","format":"standard","meta":{"footnotes":""},"categories":[504,35,355],"tags":[414,519],"class_list":["post-4512","post","type-post","status-publish","format-standard","has-post-thumbnail","hentry","category-etusivu","category-tapahtumat","category-ajankohtaisia","tag-luokkasota","tag-muistomerkki"],"_links":{"self":[{"href":"https:\/\/www.asukkaidenvantaa.fi\/index.php?rest_route=\/wp\/v2\/posts\/4512","targetHints":{"allow":["GET"]}}],"collection":[{"href":"https:\/\/www.asukkaidenvantaa.fi\/index.php?rest_route=\/wp\/v2\/posts"}],"about":[{"href":"https:\/\/www.asukkaidenvantaa.fi\/index.php?rest_route=\/wp\/v2\/types\/post"}],"author":[{"embeddable":true,"href":"https:\/\/www.asukkaidenvantaa.fi\/index.php?rest_route=\/wp\/v2\/users\/5003"}],"replies":[{"embeddable":true,"href":"https:\/\/www.asukkaidenvantaa.fi\/index.php?rest_route=%2Fwp%2Fv2%2Fcomments&post=4512"}],"version-history":[{"count":2,"href":"https:\/\/www.asukkaidenvantaa.fi\/index.php?rest_route=\/wp\/v2\/posts\/4512\/revisions"}],"predecessor-version":[{"id":4516,"href":"https:\/\/www.asukkaidenvantaa.fi\/index.php?rest_route=\/wp\/v2\/posts\/4512\/revisions\/4516"}],"wp:featuredmedia":[{"embeddable":true,"href":"https:\/\/www.asukkaidenvantaa.fi\/index.php?rest_route=\/wp\/v2\/media\/4517"}],"wp:attachment":[{"href":"https:\/\/www.asukkaidenvantaa.fi\/index.php?rest_route=%2Fwp%2Fv2%2Fmedia&parent=4512"}],"wp:term":[{"taxonomy":"category","embeddable":true,"href":"https:\/\/www.asukkaidenvantaa.fi\/index.php?rest_route=%2Fwp%2Fv2%2Fcategories&post=4512"},{"taxonomy":"post_tag","embeddable":true,"href":"https:\/\/www.asukkaidenvantaa.fi\/index.php?rest_route=%2Fwp%2Fv2%2Ftags&post=4512"}],"curies":[{"name":"wp","href":"https:\/\/api.w.org\/{rel}","templated":true}]}}