{"id":4499,"date":"2020-03-21T11:54:07","date_gmt":"2020-03-21T11:54:07","guid":{"rendered":"https:\/\/www.asukkaidenvantaa.fi\/?p=4499"},"modified":"2020-03-21T11:54:09","modified_gmt":"2020-03-21T11:54:09","slug":"hok-elannon-vaalit-ehdokkaita-ja-vaaliteemoja","status":"publish","type":"post","link":"https:\/\/www.asukkaidenvantaa.fi\/?p=4499","title":{"rendered":"HOK-Elannon vaalit, ehdokkaita ja vaaliteemoja"},"content":{"rendered":"\n<p>HOK-Elannon vaalit l\u00e4hestyv\u00e4t. Ket\u00e4 valitaan 60 j\u00e4seniseen edustajistoon ratkaistaan 26.3. &#8211; 6.4.2020 k\u00e4yt\u00e4viss\u00e4 vaaleissa.<\/p>\n\n\n\n<p>Vaaliaineisto postitetaan j\u00e4senille. \u00c4\u00e4nest\u00e4\u00e4 voi joko s\u00e4hk\u00f6isesti internetin v\u00e4lityksell\u00e4 tai palauttamalla postitse saamansa vaalilipun.<\/p>\n\n\n\n<h2 class=\"wp-block-heading\">Kommunistit ja demokraatit-lista nrot 1036 &#8211; 1112<\/h2>\n\n\n\n<p>Vantaalaisia ehdokkaita on kahdeksan, ohessa muutama esittely.<\/p>\n\n\n\n<div class=\"wp-block-group\"><div class=\"wp-block-group__inner-container is-layout-flow wp-block-group-is-layout-flow\"><\/div><\/div>\n\n\n\n<div class=\"wp-block-image\"><figure class=\"aligncenter size-large is-resized\"><img loading=\"lazy\" decoding=\"async\" src=\"https:\/\/www.asukkaidenvantaa.fi\/wp-content\/uploads\/\/sites\/31\/2020\/03\/Aura-mainos-2-527x1024.png\" alt=\"\" class=\"wp-image-4503\" width=\"312\" height=\"606\" srcset=\"https:\/\/www.asukkaidenvantaa.fi\/wp-content\/uploads\/sites\/31\/2020\/03\/Aura-mainos-2-527x1024.png 527w, https:\/\/www.asukkaidenvantaa.fi\/wp-content\/uploads\/sites\/31\/2020\/03\/Aura-mainos-2-154x300.png 154w, https:\/\/www.asukkaidenvantaa.fi\/wp-content\/uploads\/sites\/31\/2020\/03\/Aura-mainos-2-768x1493.png 768w, https:\/\/www.asukkaidenvantaa.fi\/wp-content\/uploads\/sites\/31\/2020\/03\/Aura-mainos-2-790x1536.png 790w, https:\/\/www.asukkaidenvantaa.fi\/wp-content\/uploads\/sites\/31\/2020\/03\/Aura-mainos-2-1053x2048.png 1053w, https:\/\/www.asukkaidenvantaa.fi\/wp-content\/uploads\/sites\/31\/2020\/03\/Aura-mainos-2-514x999.png 514w, https:\/\/www.asukkaidenvantaa.fi\/wp-content\/uploads\/sites\/31\/2020\/03\/Aura-mainos-2-260x506.png 260w, https:\/\/www.asukkaidenvantaa.fi\/wp-content\/uploads\/sites\/31\/2020\/03\/Aura-mainos-2-160x311.png 160w, https:\/\/www.asukkaidenvantaa.fi\/wp-content\/uploads\/sites\/31\/2020\/03\/Aura-mainos-2.png 1080w\" sizes=\"auto, (max-width: 312px) 100vw, 312px\" \/><\/figure><\/div>\n\n\n\n<div class=\"wp-block-image\"><figure class=\"aligncenter size-large is-resized\"><img loading=\"lazy\" decoding=\"async\" src=\"https:\/\/www.asukkaidenvantaa.fi\/wp-content\/uploads\/\/sites\/31\/2020\/03\/Mauri-mainos-3-381x1024.png\" alt=\"\" class=\"wp-image-4505\" width=\"328\" height=\"882\" srcset=\"https:\/\/www.asukkaidenvantaa.fi\/wp-content\/uploads\/sites\/31\/2020\/03\/Mauri-mainos-3-381x1024.png 381w, https:\/\/www.asukkaidenvantaa.fi\/wp-content\/uploads\/sites\/31\/2020\/03\/Mauri-mainos-3-112x300.png 112w, https:\/\/www.asukkaidenvantaa.fi\/wp-content\/uploads\/sites\/31\/2020\/03\/Mauri-mainos-3-768x2062.png 768w, https:\/\/www.asukkaidenvantaa.fi\/wp-content\/uploads\/sites\/31\/2020\/03\/Mauri-mainos-3-572x1536.png 572w, https:\/\/www.asukkaidenvantaa.fi\/wp-content\/uploads\/sites\/31\/2020\/03\/Mauri-mainos-3-372x999.png 372w, https:\/\/www.asukkaidenvantaa.fi\/wp-content\/uploads\/sites\/31\/2020\/03\/Mauri-mainos-3-260x698.png 260w, https:\/\/www.asukkaidenvantaa.fi\/wp-content\/uploads\/sites\/31\/2020\/03\/Mauri-mainos-3-160x430.png 160w, https:\/\/www.asukkaidenvantaa.fi\/wp-content\/uploads\/sites\/31\/2020\/03\/Mauri-mainos-3.png 1080w\" sizes=\"auto, (max-width: 328px) 100vw, 328px\" \/><\/figure><\/div>\n\n\n\n<div class=\"wp-block-image\"><figure class=\"aligncenter size-large is-resized\"><img loading=\"lazy\" decoding=\"async\" src=\"https:\/\/www.asukkaidenvantaa.fi\/wp-content\/uploads\/\/sites\/31\/2020\/03\/Pena-3-548x1024.png\" alt=\"\" class=\"wp-image-4507\" width=\"323\" height=\"604\" srcset=\"https:\/\/www.asukkaidenvantaa.fi\/wp-content\/uploads\/sites\/31\/2020\/03\/Pena-3-548x1024.png 548w, https:\/\/www.asukkaidenvantaa.fi\/wp-content\/uploads\/sites\/31\/2020\/03\/Pena-3-161x300.png 161w, https:\/\/www.asukkaidenvantaa.fi\/wp-content\/uploads\/sites\/31\/2020\/03\/Pena-3-768x1434.png 768w, https:\/\/www.asukkaidenvantaa.fi\/wp-content\/uploads\/sites\/31\/2020\/03\/Pena-3-822x1536.png 822w, https:\/\/www.asukkaidenvantaa.fi\/wp-content\/uploads\/sites\/31\/2020\/03\/Pena-3-535x999.png 535w, https:\/\/www.asukkaidenvantaa.fi\/wp-content\/uploads\/sites\/31\/2020\/03\/Pena-3-260x486.png 260w, https:\/\/www.asukkaidenvantaa.fi\/wp-content\/uploads\/sites\/31\/2020\/03\/Pena-3-160x299.png 160w, https:\/\/www.asukkaidenvantaa.fi\/wp-content\/uploads\/sites\/31\/2020\/03\/Pena-3.png 1066w\" sizes=\"auto, (max-width: 323px) 100vw, 323px\" \/><\/figure><\/div>\n\n\n\n<div class=\"wp-block-image\"><figure class=\"aligncenter size-large is-resized\"><img loading=\"lazy\" decoding=\"async\" src=\"https:\/\/www.asukkaidenvantaa.fi\/wp-content\/uploads\/\/sites\/31\/2020\/03\/Ossi-3-2-564x1024.png\" alt=\"\" class=\"wp-image-4509\" width=\"323\" height=\"586\" srcset=\"https:\/\/www.asukkaidenvantaa.fi\/wp-content\/uploads\/sites\/31\/2020\/03\/Ossi-3-2-564x1024.png 564w, https:\/\/www.asukkaidenvantaa.fi\/wp-content\/uploads\/sites\/31\/2020\/03\/Ossi-3-2-165x300.png 165w, https:\/\/www.asukkaidenvantaa.fi\/wp-content\/uploads\/sites\/31\/2020\/03\/Ossi-3-2-768x1393.png 768w, https:\/\/www.asukkaidenvantaa.fi\/wp-content\/uploads\/sites\/31\/2020\/03\/Ossi-3-2-847x1536.png 847w, https:\/\/www.asukkaidenvantaa.fi\/wp-content\/uploads\/sites\/31\/2020\/03\/Ossi-3-2-551x999.png 551w, https:\/\/www.asukkaidenvantaa.fi\/wp-content\/uploads\/sites\/31\/2020\/03\/Ossi-3-2-260x472.png 260w, https:\/\/www.asukkaidenvantaa.fi\/wp-content\/uploads\/sites\/31\/2020\/03\/Ossi-3-2-160x290.png 160w, https:\/\/www.asukkaidenvantaa.fi\/wp-content\/uploads\/sites\/31\/2020\/03\/Ossi-3-2.png 1060w\" sizes=\"auto, (max-width: 323px) 100vw, 323px\" \/><\/figure><\/div>\n","protected":false},"excerpt":{"rendered":"<p>HOK-Elannon vaalit l\u00e4hestyv\u00e4t. Ket\u00e4 valitaan 60 j\u00e4seniseen edustajistoon ratkaistaan 26.3. &#8211; 6.4.2020 k\u00e4yt\u00e4viss\u00e4 vaaleissa. Vaaliaineisto postitetaan j\u00e4senille. \u00c4\u00e4nest\u00e4\u00e4 voi joko s\u00e4hk\u00f6isesti internetin v\u00e4lityksell\u00e4 tai palauttamalla postitse saamansa vaalilipun. Kommunistit ja demokraatit-lista nrot 1036 &#8211; 1112 Vantaalaisia ehdokkaita on kahdeksan, ohessa muutama esittely.<\/p>\n<p class=\"more-link-p\"><a class=\"more-link\" href=\"https:\/\/www.asukkaidenvantaa.fi\/?p=4499\">Lue lis\u00e4\u00e4 \u2192<\/a><\/p>\n","protected":false},"author":5003,"featured_media":4467,"comment_status":"closed","ping_status":"closed","sticky":false,"template":"","format":"standard","meta":{"footnotes":""},"categories":[504,35],"tags":[442,443],"class_list":["post-4499","post","type-post","status-publish","format-standard","has-post-thumbnail","hentry","category-etusivu","category-tapahtumat","tag-hok-elanto","tag-osuuskauppavaalit"],"_links":{"self":[{"href":"https:\/\/www.asukkaidenvantaa.fi\/index.php?rest_route=\/wp\/v2\/posts\/4499","targetHints":{"allow":["GET"]}}],"collection":[{"href":"https:\/\/www.asukkaidenvantaa.fi\/index.php?rest_route=\/wp\/v2\/posts"}],"about":[{"href":"https:\/\/www.asukkaidenvantaa.fi\/index.php?rest_route=\/wp\/v2\/types\/post"}],"author":[{"embeddable":true,"href":"https:\/\/www.asukkaidenvantaa.fi\/index.php?rest_route=\/wp\/v2\/users\/5003"}],"replies":[{"embeddable":true,"href":"https:\/\/www.asukkaidenvantaa.fi\/index.php?rest_route=%2Fwp%2Fv2%2Fcomments&post=4499"}],"version-history":[{"count":1,"href":"https:\/\/www.asukkaidenvantaa.fi\/index.php?rest_route=\/wp\/v2\/posts\/4499\/revisions"}],"predecessor-version":[{"id":4510,"href":"https:\/\/www.asukkaidenvantaa.fi\/index.php?rest_route=\/wp\/v2\/posts\/4499\/revisions\/4510"}],"wp:featuredmedia":[{"embeddable":true,"href":"https:\/\/www.asukkaidenvantaa.fi\/index.php?rest_route=\/wp\/v2\/media\/4467"}],"wp:attachment":[{"href":"https:\/\/www.asukkaidenvantaa.fi\/index.php?rest_route=%2Fwp%2Fv2%2Fmedia&parent=4499"}],"wp:term":[{"taxonomy":"category","embeddable":true,"href":"https:\/\/www.asukkaidenvantaa.fi\/index.php?rest_route=%2Fwp%2Fv2%2Fcategories&post=4499"},{"taxonomy":"post_tag","embeddable":true,"href":"https:\/\/www.asukkaidenvantaa.fi\/index.php?rest_route=%2Fwp%2Fv2%2Ftags&post=4499"}],"curies":[{"name":"wp","href":"https:\/\/api.w.org\/{rel}","templated":true}]}}