{"id":4492,"date":"2020-03-19T09:08:46","date_gmt":"2020-03-19T09:08:46","guid":{"rendered":"https:\/\/www.asukkaidenvantaa.fi\/?p=4492"},"modified":"2020-03-19T09:08:47","modified_gmt":"2020-03-19T09:08:47","slug":"hok-elannon-vaalit-koronan-varjossa","status":"publish","type":"post","link":"https:\/\/www.asukkaidenvantaa.fi\/?p=4492","title":{"rendered":"HOK-Elannon vaalit koronan varjossa"},"content":{"rendered":"\n<p>HOK-Elannon vaalit j\u00e4rjestet\u00e4\u00e4n 26.3. &#8211; 6.4.2020. Vaalit suoritetaan posti\u00e4\u00e4nestyksen\u00e4. \u00c4\u00e4nest\u00e4\u00e4 voivat kaikki osuuskaupan j\u00e4senet. Heille l\u00e4hetet\u00e4\u00e4n postitse \u00e4\u00e4nestysmateriaali. \u00c4\u00e4nestyksen voi suorittaa joko palauttamalla \u00e4\u00e4nestyslipun postitse tai \u00e4\u00e4nest\u00e4m\u00e4ll\u00e4 s\u00e4hk\u00f6isesti internetiss\u00e4. Korona virus ei juurikaan vaikuta HOK-Elannon vaaliin.<\/p>\n\n\n\n<p>Kommunistien ja demokraattien vaalilistalla S on 77 ehdokasta. Ehdokkaista kahdeksan on vantaalaisia. Pyrimme Asukkaiden Vantaassa esittelem\u00e4\u00e4n vantaalaisia ehdokkaita. Ensimm\u00e4isess\u00e4 vaalimainoksessa esittelemme Aura Kaskisyd\u00e4men.<\/p>\n\n\n\n<figure class=\"wp-block-image size-large is-resized\"><img loading=\"lazy\" decoding=\"async\" src=\"https:\/\/www.asukkaidenvantaa.fi\/wp-content\/uploads\/\/sites\/31\/2020\/03\/Aura-mainos-1-737x1024.png\" alt=\"\" class=\"wp-image-4493\" width=\"451\" height=\"626\" srcset=\"https:\/\/www.asukkaidenvantaa.fi\/wp-content\/uploads\/sites\/31\/2020\/03\/Aura-mainos-1-737x1024.png 737w, https:\/\/www.asukkaidenvantaa.fi\/wp-content\/uploads\/sites\/31\/2020\/03\/Aura-mainos-1-216x300.png 216w, https:\/\/www.asukkaidenvantaa.fi\/wp-content\/uploads\/sites\/31\/2020\/03\/Aura-mainos-1-768x1067.png 768w, https:\/\/www.asukkaidenvantaa.fi\/wp-content\/uploads\/sites\/31\/2020\/03\/Aura-mainos-1-560x778.png 560w, https:\/\/www.asukkaidenvantaa.fi\/wp-content\/uploads\/sites\/31\/2020\/03\/Aura-mainos-1-260x361.png 260w, https:\/\/www.asukkaidenvantaa.fi\/wp-content\/uploads\/sites\/31\/2020\/03\/Aura-mainos-1-160x222.png 160w, https:\/\/www.asukkaidenvantaa.fi\/wp-content\/uploads\/sites\/31\/2020\/03\/Aura-mainos-1.png 1080w\" sizes=\"auto, (max-width: 451px) 100vw, 451px\" \/><\/figure>\n","protected":false},"excerpt":{"rendered":"<p>HOK-Elannon vaalit j\u00e4rjestet\u00e4\u00e4n 26.3. &#8211; 6.4.2020. Vaalit suoritetaan posti\u00e4\u00e4nestyksen\u00e4. \u00c4\u00e4nest\u00e4\u00e4 voivat kaikki osuuskaupan j\u00e4senet. Heille l\u00e4hetet\u00e4\u00e4n postitse \u00e4\u00e4nestysmateriaali. \u00c4\u00e4nestyksen voi suorittaa joko palauttamalla \u00e4\u00e4nestyslipun postitse tai \u00e4\u00e4nest\u00e4m\u00e4ll\u00e4 s\u00e4hk\u00f6isesti internetiss\u00e4. Korona virus ei juurikaan vaikuta HOK-Elannon vaaliin. Kommunistien ja demokraattien vaalilistalla S on 77 ehdokasta. Ehdokkaista kahdeksan on vantaalaisia. Pyrimme Asukkaiden Vantaassa esittelem\u00e4\u00e4n vantaalaisia ehdokkaita. Ensimm\u00e4isess\u00e4&hellip;<\/p>\n<p class=\"more-link-p\"><a class=\"more-link\" href=\"https:\/\/www.asukkaidenvantaa.fi\/?p=4492\">Lue lis\u00e4\u00e4 \u2192<\/a><\/p>\n","protected":false},"author":5003,"featured_media":0,"comment_status":"closed","ping_status":"closed","sticky":false,"template":"","format":"standard","meta":{"footnotes":""},"categories":[1],"tags":[],"class_list":["post-4492","post","type-post","status-publish","format-standard","hentry","category-uncategorized"],"_links":{"self":[{"href":"https:\/\/www.asukkaidenvantaa.fi\/index.php?rest_route=\/wp\/v2\/posts\/4492","targetHints":{"allow":["GET"]}}],"collection":[{"href":"https:\/\/www.asukkaidenvantaa.fi\/index.php?rest_route=\/wp\/v2\/posts"}],"about":[{"href":"https:\/\/www.asukkaidenvantaa.fi\/index.php?rest_route=\/wp\/v2\/types\/post"}],"author":[{"embeddable":true,"href":"https:\/\/www.asukkaidenvantaa.fi\/index.php?rest_route=\/wp\/v2\/users\/5003"}],"replies":[{"embeddable":true,"href":"https:\/\/www.asukkaidenvantaa.fi\/index.php?rest_route=%2Fwp%2Fv2%2Fcomments&post=4492"}],"version-history":[{"count":3,"href":"https:\/\/www.asukkaidenvantaa.fi\/index.php?rest_route=\/wp\/v2\/posts\/4492\/revisions"}],"predecessor-version":[{"id":4496,"href":"https:\/\/www.asukkaidenvantaa.fi\/index.php?rest_route=\/wp\/v2\/posts\/4492\/revisions\/4496"}],"wp:attachment":[{"href":"https:\/\/www.asukkaidenvantaa.fi\/index.php?rest_route=%2Fwp%2Fv2%2Fmedia&parent=4492"}],"wp:term":[{"taxonomy":"category","embeddable":true,"href":"https:\/\/www.asukkaidenvantaa.fi\/index.php?rest_route=%2Fwp%2Fv2%2Fcategories&post=4492"},{"taxonomy":"post_tag","embeddable":true,"href":"https:\/\/www.asukkaidenvantaa.fi\/index.php?rest_route=%2Fwp%2Fv2%2Ftags&post=4492"}],"curies":[{"name":"wp","href":"https:\/\/api.w.org\/{rel}","templated":true}]}}