{"id":4444,"date":"2020-01-24T14:07:26","date_gmt":"2020-01-24T14:07:26","guid":{"rendered":"https:\/\/www.asukkaidenvantaa.fi\/?p=4444"},"modified":"2020-01-24T14:07:27","modified_gmt":"2020-01-24T14:07:27","slug":"ompelijatar-jussi-palkittu-dokumenttielokuva","status":"publish","type":"post","link":"https:\/\/www.asukkaidenvantaa.fi\/?p=4444","title":{"rendered":"Ompelijatar, Jussi palkittu dokumenttielokuva"},"content":{"rendered":"\n<h2 class=\"wp-block-heading\">Historiaa luokkasodasta jatkosotaan, Martta Koskisen el\u00e4m\u00e4<\/h2>\n\n\n\n<p>Vuonna 1896 syntynyt Martta Koskinen vietti monipolvisen osin vaaraallisenkin el\u00e4m\u00e4n. Ty\u00f6v\u00e4enliikkeen omaksi ymp\u00e4rist\u00f6kseen omaksunut Martta Koskinen osallistui punakaatiin, joutui vankileireille, vankilaan, ompeli ja auttoi ty\u00f6v\u00e4enliikkeen j\u00e4seni\u00e4 oikeistolaisen sorron vuosina. H\u00e4nen toimintansa koitui h\u00e4nen kohtalokseen ja h\u00e4net teloitettiin vuonna 1943 viimeisen\u00e4 Suomessa teloitettuna naisena.<\/p>\n\n\n\n<figure class=\"wp-block-image size-large is-resized\"><img loading=\"lazy\" decoding=\"async\" src=\"https:\/\/www.asukkaidenvantaa.fi\/wp-content\/uploads\/\/sites\/31\/2020\/01\/Etsiv\u00e4-Keskuspoliisin-pid\u00e4tyskuva-Martta-Koskisesta-elokuussa-1933..jpg\" alt=\"\" class=\"wp-image-4445\" width=\"480\" height=\"260\" \/><figcaption>Etsiv\u00e4 Keskuspoliisin pid\u00e4tyskuva Martta Koskisesta elokuussa 1933.<br>Kuva:Kansallisarkisto.<\/figcaption><\/figure>\n\n\n\n<p>DSL (Demokraattinen Sivistysliitto) yhdess\u00e4 Karjaan seudun SKP:n ja Vasemmistoliiton j\u00e4rjest\u00f6jen kanssa esitt\u00e4\u00e4 elokuvan 8.2.2020 klo 14 elokuvateatteri <strong>Bio Pallaksessa <\/strong>Karjaalla osoite Nils Grabbenkatu 4.<\/p>\n\n\n\n<p>Elokuvan ensi-ilta oli 2015 ja hyvien arvostelujen lis\u00e4ksi elokuva on voittanut Jussi palkinnon dokumenttielokuvien sarjassa ja 2016  Tampereen elokuvajuhlilla elokuva sai  kotimaisen kilpailun erikoispalkinnon. Lis\u00e4ksi elokuva sai vuonna 2016 Tiedonjulkistamisen valtionpalkinnon.<\/p>\n\n\n\n<p>Elokuva joka kannatta ehdottomasti katsoa.<\/p>\n\n\n\n<figure class=\"wp-block-image size-large is-resized\"><img loading=\"lazy\" decoding=\"async\" src=\"https:\/\/www.asukkaidenvantaa.fi\/wp-content\/uploads\/\/sites\/31\/2020\/01\/Martta-Koskinen-testamenttasi-vuoden-1935-mallia-olevan-Singer-ompelukoneensa-Hertta-Kuusiselle-joka-lahjoitti-sen-my\u00f6hemmin-ompelijatar-MarttaKoskiselle_Kuva_VS.jpg\" alt=\"\" class=\"wp-image-4446\" width=\"556\" height=\"370\" \/><figcaption>Singer ompelukone jonka Martta Koskinen testamenttasi Hertta Kuusiselle johon oli tutustunut vankilassa. Hertta Kuusinen lahjoitti my\u00f6hemmin ompelukoneen ompelija Martta Suhoselle.<\/figcaption><\/figure>\n","protected":false},"excerpt":{"rendered":"<p>Historiaa luokkasodasta jatkosotaan, Martta Koskisen el\u00e4m\u00e4 Vuonna 1896 syntynyt Martta Koskinen vietti monipolvisen osin vaaraallisenkin el\u00e4m\u00e4n. Ty\u00f6v\u00e4enliikkeen omaksi ymp\u00e4rist\u00f6kseen omaksunut Martta Koskinen osallistui punakaatiin, joutui vankileireille, vankilaan, ompeli ja auttoi ty\u00f6v\u00e4enliikkeen j\u00e4seni\u00e4 oikeistolaisen sorron vuosina. H\u00e4nen toimintansa koitui h\u00e4nen kohtalokseen ja h\u00e4net teloitettiin vuonna 1943 viimeisen\u00e4 Suomessa teloitettuna naisena. DSL (Demokraattinen Sivistysliitto) yhdess\u00e4 Karjaan seudun&hellip;<\/p>\n<p class=\"more-link-p\"><a class=\"more-link\" href=\"https:\/\/www.asukkaidenvantaa.fi\/?p=4444\">Lue lis\u00e4\u00e4 \u2192<\/a><\/p>\n","protected":false},"author":5003,"featured_media":0,"comment_status":"closed","ping_status":"closed","sticky":false,"template":"","format":"standard","meta":{"footnotes":""},"categories":[1],"tags":[506,513,507,512,511,510,508,509],"class_list":["post-4444","post","type-post","status-publish","format-standard","hentry","category-uncategorized","tag-delokuva","tag-etsiva-keskuspoliisi","tag-historia","tag-martta-koskinen","tag-punakaarti","tag-teloitus","tag-vankila","tag-vankileiri"],"_links":{"self":[{"href":"https:\/\/www.asukkaidenvantaa.fi\/index.php?rest_route=\/wp\/v2\/posts\/4444","targetHints":{"allow":["GET"]}}],"collection":[{"href":"https:\/\/www.asukkaidenvantaa.fi\/index.php?rest_route=\/wp\/v2\/posts"}],"about":[{"href":"https:\/\/www.asukkaidenvantaa.fi\/index.php?rest_route=\/wp\/v2\/types\/post"}],"author":[{"embeddable":true,"href":"https:\/\/www.asukkaidenvantaa.fi\/index.php?rest_route=\/wp\/v2\/users\/5003"}],"replies":[{"embeddable":true,"href":"https:\/\/www.asukkaidenvantaa.fi\/index.php?rest_route=%2Fwp%2Fv2%2Fcomments&post=4444"}],"version-history":[{"count":1,"href":"https:\/\/www.asukkaidenvantaa.fi\/index.php?rest_route=\/wp\/v2\/posts\/4444\/revisions"}],"predecessor-version":[{"id":4447,"href":"https:\/\/www.asukkaidenvantaa.fi\/index.php?rest_route=\/wp\/v2\/posts\/4444\/revisions\/4447"}],"wp:attachment":[{"href":"https:\/\/www.asukkaidenvantaa.fi\/index.php?rest_route=%2Fwp%2Fv2%2Fmedia&parent=4444"}],"wp:term":[{"taxonomy":"category","embeddable":true,"href":"https:\/\/www.asukkaidenvantaa.fi\/index.php?rest_route=%2Fwp%2Fv2%2Fcategories&post=4444"},{"taxonomy":"post_tag","embeddable":true,"href":"https:\/\/www.asukkaidenvantaa.fi\/index.php?rest_route=%2Fwp%2Fv2%2Ftags&post=4444"}],"curies":[{"name":"wp","href":"https:\/\/api.w.org\/{rel}","templated":true}]}}