{"id":4433,"date":"2019-07-30T13:32:49","date_gmt":"2019-07-30T13:32:49","guid":{"rendered":"https:\/\/www.asukkaidenvantaa.fi\/?p=4433"},"modified":"2019-07-30T13:52:49","modified_gmt":"2019-07-30T13:52:49","slug":"tiedonantaja-50-vuoden-ikaan","status":"publish","type":"post","link":"https:\/\/www.asukkaidenvantaa.fi\/?p=4433","title":{"rendered":"Tiedonantaja 50 vuoden ik\u00e4\u00e4n"},"content":{"rendered":"\n<p>SKP:n sis\u00e4inen tilanne synnytti Tiedonantaja lehden 50 vuotta sitten. Tiedonantaja on s\u00e4ilytt\u00e4nyt paikkansa ty\u00f6v\u00e4enlehten\u00e4 tukijoidensa ja lukijoidensa tuella. Sit\u00e4 on syyt\u00e4 juhlia. 15.8. j\u00e4rjestet\u00e4\u00e4n Vantaalla keskustelutilaisuus 50 vuotiaasta Tiedonantaja lehdest\u00e4.<\/p>\n\n\n\n<p>Alla mainos tilaisuudesta. Kutsumme kaikki ty\u00f6v\u00e4enlehdist\u00f6st\u00e4 kiinnostuneet keskustelemaan ja juhlimaan Tiekkaria.<\/p>\n\n\n\n<figure class=\"wp-block-image\"><img loading=\"lazy\" decoding=\"async\" width=\"679\" height=\"960\" src=\"https:\/\/www.asukkaidenvantaa.fi\/wp-content\/uploads\/\/sites\/31\/2019\/07\/67463801_2467990503525483_1898041250347483136_n.jpg\" alt=\"\" class=\"wp-image-4434\" srcset=\"https:\/\/www.asukkaidenvantaa.fi\/wp-content\/uploads\/sites\/31\/2019\/07\/67463801_2467990503525483_1898041250347483136_n.jpg 679w, https:\/\/www.asukkaidenvantaa.fi\/wp-content\/uploads\/sites\/31\/2019\/07\/67463801_2467990503525483_1898041250347483136_n-212x300.jpg 212w, https:\/\/www.asukkaidenvantaa.fi\/wp-content\/uploads\/sites\/31\/2019\/07\/67463801_2467990503525483_1898041250347483136_n-560x792.jpg 560w, https:\/\/www.asukkaidenvantaa.fi\/wp-content\/uploads\/sites\/31\/2019\/07\/67463801_2467990503525483_1898041250347483136_n-260x368.jpg 260w, https:\/\/www.asukkaidenvantaa.fi\/wp-content\/uploads\/sites\/31\/2019\/07\/67463801_2467990503525483_1898041250347483136_n-160x226.jpg 160w\" sizes=\"auto, (max-width: 679px) 100vw, 679px\" \/><\/figure>\n","protected":false},"excerpt":{"rendered":"<p>SKP:n sis\u00e4inen tilanne synnytti Tiedonantaja lehden 50 vuotta sitten. Tiedonantaja on s\u00e4ilytt\u00e4nyt paikkansa ty\u00f6v\u00e4enlehten\u00e4 tukijoidensa ja lukijoidensa tuella. Sit\u00e4 on syyt\u00e4 juhlia. 15.8. j\u00e4rjestet\u00e4\u00e4n Vantaalla keskustelutilaisuus 50 vuotiaasta Tiedonantaja lehdest\u00e4. Alla mainos tilaisuudesta. Kutsumme kaikki ty\u00f6v\u00e4enlehdist\u00f6st\u00e4 kiinnostuneet keskustelemaan ja juhlimaan Tiekkaria.<\/p>\n<p class=\"more-link-p\"><a class=\"more-link\" href=\"https:\/\/www.asukkaidenvantaa.fi\/?p=4433\">Lue lis\u00e4\u00e4 \u2192<\/a><\/p>\n","protected":false},"author":5003,"featured_media":0,"comment_status":"closed","ping_status":"closed","sticky":false,"template":"","format":"standard","meta":{"footnotes":""},"categories":[1],"tags":[505],"class_list":["post-4433","post","type-post","status-publish","format-standard","hentry","category-uncategorized","tag-tyovaenlehti"],"_links":{"self":[{"href":"https:\/\/www.asukkaidenvantaa.fi\/index.php?rest_route=\/wp\/v2\/posts\/4433","targetHints":{"allow":["GET"]}}],"collection":[{"href":"https:\/\/www.asukkaidenvantaa.fi\/index.php?rest_route=\/wp\/v2\/posts"}],"about":[{"href":"https:\/\/www.asukkaidenvantaa.fi\/index.php?rest_route=\/wp\/v2\/types\/post"}],"author":[{"embeddable":true,"href":"https:\/\/www.asukkaidenvantaa.fi\/index.php?rest_route=\/wp\/v2\/users\/5003"}],"replies":[{"embeddable":true,"href":"https:\/\/www.asukkaidenvantaa.fi\/index.php?rest_route=%2Fwp%2Fv2%2Fcomments&post=4433"}],"version-history":[{"count":2,"href":"https:\/\/www.asukkaidenvantaa.fi\/index.php?rest_route=\/wp\/v2\/posts\/4433\/revisions"}],"predecessor-version":[{"id":4436,"href":"https:\/\/www.asukkaidenvantaa.fi\/index.php?rest_route=\/wp\/v2\/posts\/4433\/revisions\/4436"}],"wp:attachment":[{"href":"https:\/\/www.asukkaidenvantaa.fi\/index.php?rest_route=%2Fwp%2Fv2%2Fmedia&parent=4433"}],"wp:term":[{"taxonomy":"category","embeddable":true,"href":"https:\/\/www.asukkaidenvantaa.fi\/index.php?rest_route=%2Fwp%2Fv2%2Fcategories&post=4433"},{"taxonomy":"post_tag","embeddable":true,"href":"https:\/\/www.asukkaidenvantaa.fi\/index.php?rest_route=%2Fwp%2Fv2%2Ftags&post=4433"}],"curies":[{"name":"wp","href":"https:\/\/api.w.org\/{rel}","templated":true}]}}