{"id":4424,"date":"2019-06-17T19:50:40","date_gmt":"2019-06-17T19:50:40","guid":{"rendered":"https:\/\/www.asukkaidenvantaa.fi\/?p=4424"},"modified":"2019-06-17T19:50:41","modified_gmt":"2019-06-17T19:50:41","slug":"vantaalaisia-skpn-keskuskomiteaan","status":"publish","type":"post","link":"https:\/\/www.asukkaidenvantaa.fi\/?p=4424","title":{"rendered":"Vantaalaisia SKP:n keskuskomiteaan"},"content":{"rendered":"\n<p>SKP:n edustajakokous Porvoossa 15.6.-16-6-2019 p\u00e4ivitti poliittisia asiakirjoja ja valitsi johdon seuraaviksi kolmeksi vuodeksi.<\/p>\n\n\n\n<p>Puheenjohtaja Juha Pekka V\u00e4is\u00e4nen valittiin jatkokaudelle, p\u00e4\u00e4sihteeriksi valitttiin puutarhuri Tiina Sandberg.<\/p>\n\n\n\n<p>Keskuskomiteaan, joka on SKP:n korkein p\u00e4\u00e4tt\u00e4v\u00e4 elin edustajakokousten v\u00e4lill\u00e4, valittiin kolme vantaalaista. Varsinaisiksi j\u00e4seniksi valittiin linja-autonkuljettaja Ossi K\u00e4hmi ja DSL:n p\u00e4\u00e4sihteeri Jari Karttunen, varaj\u00e4seneksi keskuskomiteaan valittiin opiskelija Heikki Ekman.<\/p>\n\n\n\n<div class=\"wp-block-image\"><figure class=\"alignleft\"><img loading=\"lazy\" decoding=\"async\" width=\"150\" height=\"188\" src=\"https:\/\/www.asukkaidenvantaa.fi\/wp-content\/uploads\/\/sites\/31\/2019\/06\/K\u00e4hmi-Ossi.jpg\" alt=\"\" class=\"wp-image-4425\" \/><figcaption>Ossi K\u00e4hmi<\/figcaption><\/figure><\/div>\n\n\n\n<div class=\"wp-block-image\"><figure class=\"alignleft is-resized\"><img loading=\"lazy\" decoding=\"async\" src=\"https:\/\/www.asukkaidenvantaa.fi\/wp-content\/uploads\/\/sites\/31\/2019\/06\/karttunen_jari_iso1.jpg\" alt=\"\" class=\"wp-image-4426\" width=\"150\" height=\"200\" \/><figcaption>Jari Karttunen<\/figcaption><\/figure><\/div>\n\n\n\n<figure class=\"wp-block-image\"><img loading=\"lazy\" decoding=\"async\" width=\"150\" height=\"200\" src=\"https:\/\/www.asukkaidenvantaa.fi\/wp-content\/uploads\/\/sites\/31\/2019\/06\/heikki_ekman_iso1-2.jpg\" alt=\"\" class=\"wp-image-4429\" \/><figcaption>Heikki Ekman<br><br><br><br><\/figcaption><\/figure>\n\n\n\n<p><\/p>\n\n\n\n<p><\/p>\n","protected":false},"excerpt":{"rendered":"<p>SKP:n edustajakokous Porvoossa 15.6.-16-6-2019 p\u00e4ivitti poliittisia asiakirjoja ja valitsi johdon seuraaviksi kolmeksi vuodeksi. Puheenjohtaja Juha Pekka V\u00e4is\u00e4nen valittiin jatkokaudelle, p\u00e4\u00e4sihteeriksi valitttiin puutarhuri Tiina Sandberg. Keskuskomiteaan, joka on SKP:n korkein p\u00e4\u00e4tt\u00e4v\u00e4 elin edustajakokousten v\u00e4lill\u00e4, valittiin kolme vantaalaista. Varsinaisiksi j\u00e4seniksi valittiin linja-autonkuljettaja Ossi K\u00e4hmi ja DSL:n p\u00e4\u00e4sihteeri Jari Karttunen, varaj\u00e4seneksi keskuskomiteaan valittiin opiskelija Heikki Ekman.<\/p>\n<p class=\"more-link-p\"><a class=\"more-link\" href=\"https:\/\/www.asukkaidenvantaa.fi\/?p=4424\">Lue lis\u00e4\u00e4 \u2192<\/a><\/p>\n","protected":false},"author":5003,"featured_media":0,"comment_status":"closed","ping_status":"closed","sticky":false,"template":"","format":"standard","meta":{"footnotes":""},"categories":[504,355],"tags":[],"class_list":["post-4424","post","type-post","status-publish","format-standard","hentry","category-etusivu","category-ajankohtaisia"],"_links":{"self":[{"href":"https:\/\/www.asukkaidenvantaa.fi\/index.php?rest_route=\/wp\/v2\/posts\/4424","targetHints":{"allow":["GET"]}}],"collection":[{"href":"https:\/\/www.asukkaidenvantaa.fi\/index.php?rest_route=\/wp\/v2\/posts"}],"about":[{"href":"https:\/\/www.asukkaidenvantaa.fi\/index.php?rest_route=\/wp\/v2\/types\/post"}],"author":[{"embeddable":true,"href":"https:\/\/www.asukkaidenvantaa.fi\/index.php?rest_route=\/wp\/v2\/users\/5003"}],"replies":[{"embeddable":true,"href":"https:\/\/www.asukkaidenvantaa.fi\/index.php?rest_route=%2Fwp%2Fv2%2Fcomments&post=4424"}],"version-history":[{"count":2,"href":"https:\/\/www.asukkaidenvantaa.fi\/index.php?rest_route=\/wp\/v2\/posts\/4424\/revisions"}],"predecessor-version":[{"id":4431,"href":"https:\/\/www.asukkaidenvantaa.fi\/index.php?rest_route=\/wp\/v2\/posts\/4424\/revisions\/4431"}],"wp:attachment":[{"href":"https:\/\/www.asukkaidenvantaa.fi\/index.php?rest_route=%2Fwp%2Fv2%2Fmedia&parent=4424"}],"wp:term":[{"taxonomy":"category","embeddable":true,"href":"https:\/\/www.asukkaidenvantaa.fi\/index.php?rest_route=%2Fwp%2Fv2%2Fcategories&post=4424"},{"taxonomy":"post_tag","embeddable":true,"href":"https:\/\/www.asukkaidenvantaa.fi\/index.php?rest_route=%2Fwp%2Fv2%2Ftags&post=4424"}],"curies":[{"name":"wp","href":"https:\/\/api.w.org\/{rel}","templated":true}]}}