{"id":4421,"date":"2019-06-15T18:18:25","date_gmt":"2019-06-15T18:18:25","guid":{"rendered":"https:\/\/www.asukkaidenvantaa.fi\/?p=4421"},"modified":"2019-06-15T18:18:26","modified_gmt":"2019-06-15T18:18:26","slug":"skp-kokoontuu-porvoossa","status":"publish","type":"post","link":"https:\/\/www.asukkaidenvantaa.fi\/?p=4421","title":{"rendered":"SKP kokoontuu Porvoossa"},"content":{"rendered":"\n<p>SKP:n edustajakokousta pidet\u00e4\u00e4n 15.6.-16.6.2019 Porvoossa.<\/p>\n\n\n\n<p>Uusia asiakirjoja tulee hyv\u00e4ksytt\u00e4v\u00e4ksi. Vanha johto uusinee paikkansa.<\/p>\n\n\n\n<figure class=\"wp-block-image\"><img loading=\"lazy\" decoding=\"async\" width=\"590\" height=\"442\" src=\"https:\/\/www.asukkaidenvantaa.fi\/wp-content\/uploads\/\/sites\/31\/2019\/06\/SKP-edustajakokous-2-15.6.2019-2.jpg\" alt=\"\" class=\"wp-image-4422\" srcset=\"https:\/\/www.asukkaidenvantaa.fi\/wp-content\/uploads\/sites\/31\/2019\/06\/SKP-edustajakokous-2-15.6.2019-2.jpg 590w, https:\/\/www.asukkaidenvantaa.fi\/wp-content\/uploads\/sites\/31\/2019\/06\/SKP-edustajakokous-2-15.6.2019-2-300x225.jpg 300w, https:\/\/www.asukkaidenvantaa.fi\/wp-content\/uploads\/sites\/31\/2019\/06\/SKP-edustajakokous-2-15.6.2019-2-560x420.jpg 560w, https:\/\/www.asukkaidenvantaa.fi\/wp-content\/uploads\/sites\/31\/2019\/06\/SKP-edustajakokous-2-15.6.2019-2-260x195.jpg 260w, https:\/\/www.asukkaidenvantaa.fi\/wp-content\/uploads\/sites\/31\/2019\/06\/SKP-edustajakokous-2-15.6.2019-2-160x120.jpg 160w, https:\/\/www.asukkaidenvantaa.fi\/wp-content\/uploads\/sites\/31\/2019\/06\/SKP-edustajakokous-2-15.6.2019-2-386x290.jpg 386w, https:\/\/www.asukkaidenvantaa.fi\/wp-content\/uploads\/sites\/31\/2019\/06\/SKP-edustajakokous-2-15.6.2019-2-290x218.jpg 290w, https:\/\/www.asukkaidenvantaa.fi\/wp-content\/uploads\/sites\/31\/2019\/06\/SKP-edustajakokous-2-15.6.2019-2-193x145.jpg 193w\" sizes=\"auto, (max-width: 590px) 100vw, 590px\" \/><figcaption>SKP:n edustajakokous pohtii poliittista tilanetta ja j\u00e4rjest\u00f6llist\u00e4 tilaansa.<\/figcaption><\/figure>\n","protected":false},"excerpt":{"rendered":"<p>SKP:n edustajakokousta pidet\u00e4\u00e4n 15.6.-16.6.2019 Porvoossa. Uusia asiakirjoja tulee hyv\u00e4ksytt\u00e4v\u00e4ksi. Vanha johto uusinee paikkansa.<\/p>\n<p class=\"more-link-p\"><a class=\"more-link\" href=\"https:\/\/www.asukkaidenvantaa.fi\/?p=4421\">Lue lis\u00e4\u00e4 \u2192<\/a><\/p>\n","protected":false},"author":5003,"featured_media":0,"comment_status":"closed","ping_status":"closed","sticky":false,"template":"","format":"standard","meta":{"footnotes":""},"categories":[504,35,355],"tags":[],"class_list":["post-4421","post","type-post","status-publish","format-standard","hentry","category-etusivu","category-tapahtumat","category-ajankohtaisia"],"_links":{"self":[{"href":"https:\/\/www.asukkaidenvantaa.fi\/index.php?rest_route=\/wp\/v2\/posts\/4421","targetHints":{"allow":["GET"]}}],"collection":[{"href":"https:\/\/www.asukkaidenvantaa.fi\/index.php?rest_route=\/wp\/v2\/posts"}],"about":[{"href":"https:\/\/www.asukkaidenvantaa.fi\/index.php?rest_route=\/wp\/v2\/types\/post"}],"author":[{"embeddable":true,"href":"https:\/\/www.asukkaidenvantaa.fi\/index.php?rest_route=\/wp\/v2\/users\/5003"}],"replies":[{"embeddable":true,"href":"https:\/\/www.asukkaidenvantaa.fi\/index.php?rest_route=%2Fwp%2Fv2%2Fcomments&post=4421"}],"version-history":[{"count":1,"href":"https:\/\/www.asukkaidenvantaa.fi\/index.php?rest_route=\/wp\/v2\/posts\/4421\/revisions"}],"predecessor-version":[{"id":4423,"href":"https:\/\/www.asukkaidenvantaa.fi\/index.php?rest_route=\/wp\/v2\/posts\/4421\/revisions\/4423"}],"wp:attachment":[{"href":"https:\/\/www.asukkaidenvantaa.fi\/index.php?rest_route=%2Fwp%2Fv2%2Fmedia&parent=4421"}],"wp:term":[{"taxonomy":"category","embeddable":true,"href":"https:\/\/www.asukkaidenvantaa.fi\/index.php?rest_route=%2Fwp%2Fv2%2Fcategories&post=4421"},{"taxonomy":"post_tag","embeddable":true,"href":"https:\/\/www.asukkaidenvantaa.fi\/index.php?rest_route=%2Fwp%2Fv2%2Ftags&post=4421"}],"curies":[{"name":"wp","href":"https:\/\/api.w.org\/{rel}","templated":true}]}}