{"id":4359,"date":"2019-03-15T13:49:56","date_gmt":"2019-03-15T13:49:56","guid":{"rendered":"https:\/\/www.asukkaidenvantaa.fi\/?p=4359"},"modified":"2019-03-15T13:49:57","modified_gmt":"2019-03-15T13:49:57","slug":"skplla-nelja-vantaalaista-ehdokasta-uudenmaan-vaalipiirissa","status":"publish","type":"post","link":"https:\/\/www.asukkaidenvantaa.fi\/?p=4359","title":{"rendered":"SKP:lla nelj\u00e4 vantaalaista ehdokasta Uudenmaan vaalipiiriss\u00e4"},"content":{"rendered":"\n<p>SKP:ll\u00e4 on Uudellamaalla 19 ehdokasta. Vantaalaisia on joukossa nelj\u00e4. <\/p>\n\n\n\n<p>\nVantaalaiset ehdokkaat:\n\n<\/p>\n\n\n\n<p><\/p>\n\n\n\n<figure class=\"wp-block-image\"><img loading=\"lazy\" decoding=\"async\" width=\"300\" height=\"400\" src=\"https:\/\/www.asukkaidenvantaa.fi\/wp-content\/uploads\/\/sites\/31\/2019\/03\/heikki_ekman_iso1-2.jpg\" alt=\"\" class=\"wp-image-4361\" srcset=\"https:\/\/www.asukkaidenvantaa.fi\/wp-content\/uploads\/sites\/31\/2019\/03\/heikki_ekman_iso1-2.jpg 300w, https:\/\/www.asukkaidenvantaa.fi\/wp-content\/uploads\/sites\/31\/2019\/03\/heikki_ekman_iso1-2-225x300.jpg 225w, https:\/\/www.asukkaidenvantaa.fi\/wp-content\/uploads\/sites\/31\/2019\/03\/heikki_ekman_iso1-2-260x347.jpg 260w, https:\/\/www.asukkaidenvantaa.fi\/wp-content\/uploads\/sites\/31\/2019\/03\/heikki_ekman_iso1-2-160x213.jpg 160w\" sizes=\"auto, (max-width: 300px) 100vw, 300px\" \/><figcaption><strong>84 Ekman Heikki<\/strong>, opiskelija, Vantaa<br><br><br><\/figcaption><\/figure>\n\n\n\n<figure class=\"wp-block-image\"><img loading=\"lazy\" decoding=\"async\" width=\"300\" height=\"400\" src=\"https:\/\/www.asukkaidenvantaa.fi\/wp-content\/uploads\/\/sites\/31\/2019\/03\/karttunen_jari_iso1.jpg\" alt=\"\" class=\"wp-image-4365\" srcset=\"https:\/\/www.asukkaidenvantaa.fi\/wp-content\/uploads\/sites\/31\/2019\/03\/karttunen_jari_iso1.jpg 300w, https:\/\/www.asukkaidenvantaa.fi\/wp-content\/uploads\/sites\/31\/2019\/03\/karttunen_jari_iso1-225x300.jpg 225w, https:\/\/www.asukkaidenvantaa.fi\/wp-content\/uploads\/sites\/31\/2019\/03\/karttunen_jari_iso1-260x347.jpg 260w, https:\/\/www.asukkaidenvantaa.fi\/wp-content\/uploads\/sites\/31\/2019\/03\/karttunen_jari_iso1-160x213.jpg 160w\" sizes=\"auto, (max-width: 300px) 100vw, 300px\" \/><figcaption><strong>85 Karttunen Jari,<\/strong> filosofian maisteri, p\u00e4\u00e4sihteeri, Vantaa<\/figcaption><\/figure>\n\n\n\n<figure class=\"wp-block-image\"><img loading=\"lazy\" decoding=\"async\" width=\"300\" height=\"450\" src=\"https:\/\/www.asukkaidenvantaa.fi\/wp-content\/uploads\/\/sites\/31\/2019\/03\/Aura-Kaskisyd\u00e4n.jpg\" alt=\"\" class=\"wp-image-4362\" srcset=\"https:\/\/www.asukkaidenvantaa.fi\/wp-content\/uploads\/sites\/31\/2019\/03\/Aura-Kaskisyd\u00e4n.jpg 300w, https:\/\/www.asukkaidenvantaa.fi\/wp-content\/uploads\/sites\/31\/2019\/03\/Aura-Kaskisyd\u00e4n-200x300.jpg 200w, https:\/\/www.asukkaidenvantaa.fi\/wp-content\/uploads\/sites\/31\/2019\/03\/Aura-Kaskisyd\u00e4n-260x390.jpg 260w, https:\/\/www.asukkaidenvantaa.fi\/wp-content\/uploads\/sites\/31\/2019\/03\/Aura-Kaskisyd\u00e4n-160x240.jpg 160w\" sizes=\"auto, (max-width: 300px) 100vw, 300px\" \/><figcaption><strong>86 Kaskisyd\u00e4n Aura,<\/strong> tapahtumatuottaja, erityisseksuaalinevoja, Vantaa<br><br><br><\/figcaption><\/figure>\n\n\n\n<figure class=\"wp-block-image\"><img loading=\"lazy\" decoding=\"async\" width=\"300\" height=\"376\" src=\"https:\/\/www.asukkaidenvantaa.fi\/wp-content\/uploads\/\/sites\/31\/2019\/03\/K\u00e4hmi-Ossi.jpg\" alt=\"\" class=\"wp-image-4368\" srcset=\"https:\/\/www.asukkaidenvantaa.fi\/wp-content\/uploads\/sites\/31\/2019\/03\/K\u00e4hmi-Ossi.jpg 300w, https:\/\/www.asukkaidenvantaa.fi\/wp-content\/uploads\/sites\/31\/2019\/03\/K\u00e4hmi-Ossi-239x300.jpg 239w, https:\/\/www.asukkaidenvantaa.fi\/wp-content\/uploads\/sites\/31\/2019\/03\/K\u00e4hmi-Ossi-260x326.jpg 260w, https:\/\/www.asukkaidenvantaa.fi\/wp-content\/uploads\/sites\/31\/2019\/03\/K\u00e4hmi-Ossi-160x201.jpg 160w\" sizes=\"auto, (max-width: 300px) 100vw, 300px\" \/><figcaption><strong>89 K\u00e4hmi Ossi<\/strong>, hum.kand, lija-autonkuljettaja, Vantaa<br><br><\/figcaption><\/figure>\n\n\n\n<p>Kaikki SKP:n ehdokkaat Uudenmaan vaalipiiriss\u00e4:<\/p>\n\n\n\n<figure class=\"wp-block-image is-resized\"><img loading=\"lazy\" decoding=\"async\" src=\"https:\/\/www.asukkaidenvantaa.fi\/wp-content\/uploads\/\/sites\/31\/2019\/03\/Uudenmaan-ehdokkaat.jpg\" alt=\"\" class=\"wp-image-4370\" width=\"648\" height=\"514\" srcset=\"https:\/\/www.asukkaidenvantaa.fi\/wp-content\/uploads\/sites\/31\/2019\/03\/Uudenmaan-ehdokkaat.jpg 716w, https:\/\/www.asukkaidenvantaa.fi\/wp-content\/uploads\/sites\/31\/2019\/03\/Uudenmaan-ehdokkaat-300x238.jpg 300w, https:\/\/www.asukkaidenvantaa.fi\/wp-content\/uploads\/sites\/31\/2019\/03\/Uudenmaan-ehdokkaat-560x444.jpg 560w, https:\/\/www.asukkaidenvantaa.fi\/wp-content\/uploads\/sites\/31\/2019\/03\/Uudenmaan-ehdokkaat-260x206.jpg 260w, https:\/\/www.asukkaidenvantaa.fi\/wp-content\/uploads\/sites\/31\/2019\/03\/Uudenmaan-ehdokkaat-160x127.jpg 160w\" sizes=\"auto, (max-width: 648px) 100vw, 648px\" \/><\/figure>\n","protected":false},"excerpt":{"rendered":"<p>SKP:ll\u00e4 on Uudellamaalla 19 ehdokasta. Vantaalaisia on joukossa nelj\u00e4. Vantaalaiset ehdokkaat: Kaikki SKP:n ehdokkaat Uudenmaan vaalipiiriss\u00e4:<\/p>\n<p class=\"more-link-p\"><a class=\"more-link\" href=\"https:\/\/www.asukkaidenvantaa.fi\/?p=4359\">Lue lis\u00e4\u00e4 \u2192<\/a><\/p>\n","protected":false},"author":5003,"featured_media":4302,"comment_status":"closed","ping_status":"closed","sticky":false,"template":"","format":"standard","meta":{"footnotes":""},"categories":[355],"tags":[],"class_list":["post-4359","post","type-post","status-publish","format-standard","has-post-thumbnail","hentry","category-ajankohtaisia"],"_links":{"self":[{"href":"https:\/\/www.asukkaidenvantaa.fi\/index.php?rest_route=\/wp\/v2\/posts\/4359","targetHints":{"allow":["GET"]}}],"collection":[{"href":"https:\/\/www.asukkaidenvantaa.fi\/index.php?rest_route=\/wp\/v2\/posts"}],"about":[{"href":"https:\/\/www.asukkaidenvantaa.fi\/index.php?rest_route=\/wp\/v2\/types\/post"}],"author":[{"embeddable":true,"href":"https:\/\/www.asukkaidenvantaa.fi\/index.php?rest_route=\/wp\/v2\/users\/5003"}],"replies":[{"embeddable":true,"href":"https:\/\/www.asukkaidenvantaa.fi\/index.php?rest_route=%2Fwp%2Fv2%2Fcomments&post=4359"}],"version-history":[{"count":10,"href":"https:\/\/www.asukkaidenvantaa.fi\/index.php?rest_route=\/wp\/v2\/posts\/4359\/revisions"}],"predecessor-version":[{"id":4374,"href":"https:\/\/www.asukkaidenvantaa.fi\/index.php?rest_route=\/wp\/v2\/posts\/4359\/revisions\/4374"}],"wp:featuredmedia":[{"embeddable":true,"href":"https:\/\/www.asukkaidenvantaa.fi\/index.php?rest_route=\/wp\/v2\/media\/4302"}],"wp:attachment":[{"href":"https:\/\/www.asukkaidenvantaa.fi\/index.php?rest_route=%2Fwp%2Fv2%2Fmedia&parent=4359"}],"wp:term":[{"taxonomy":"category","embeddable":true,"href":"https:\/\/www.asukkaidenvantaa.fi\/index.php?rest_route=%2Fwp%2Fv2%2Fcategories&post=4359"},{"taxonomy":"post_tag","embeddable":true,"href":"https:\/\/www.asukkaidenvantaa.fi\/index.php?rest_route=%2Fwp%2Fv2%2Ftags&post=4359"}],"curies":[{"name":"wp","href":"https:\/\/api.w.org\/{rel}","templated":true}]}}