{"id":43,"date":"2012-04-11T08:47:47","date_gmt":"2012-04-11T08:47:47","guid":{"rendered":"http:\/\/www.asukkaidenvantaa.fi\/?p=43"},"modified":"2012-04-11T08:50:34","modified_gmt":"2012-04-11T08:50:34","slug":"vantaalla-huoli-osattomista","status":"publish","type":"post","link":"https:\/\/www.asukkaidenvantaa.fi\/?p=43","title":{"rendered":"Vantaalla huoli osattomista"},"content":{"rendered":"<div id=\"attachment_44\" style=\"width: 310px\" class=\"wp-caption alignright\"><a href=\"\/wp-content\/uploads\/sites\/31\/2012\/04\/asunnottomien.jpg\"><img loading=\"lazy\" decoding=\"async\" aria-describedby=\"caption-attachment-44\" src=\"\/wp-content\/uploads\/sites\/31\/2012\/04\/asunnottomien-300x225.jpg\" alt=\"\" title=\"Asunnottomien Tuki ry j\u00e4rjest\u00e4ytyy\" width=\"300\" height=\"225\" class=\"size-medium wp-image-44\" srcset=\"https:\/\/www.asukkaidenvantaa.fi\/wp-content\/uploads\/sites\/31\/2012\/04\/asunnottomien-300x225.jpg 300w, https:\/\/www.asukkaidenvantaa.fi\/wp-content\/uploads\/sites\/31\/2012\/04\/asunnottomien-1024x768.jpg 1024w, https:\/\/www.asukkaidenvantaa.fi\/wp-content\/uploads\/sites\/31\/2012\/04\/asunnottomien.jpg 1632w\" sizes=\"auto, (max-width: 300px) 100vw, 300px\" \/><\/a><p id=\"caption-attachment-44\" class=\"wp-caption-text\">Maaliskuun lopulla joukko asunnottomuudesta huolestuneita vantaalaisia kokoontui A-killan tiloissa p\u00e4\u00e4tt\u00e4m\u00e4\u00e4n \u201cporukan\u201d rekister\u00f6innist\u00e4. Toiminnan tarkoitus on tukea vantaalaisia asunnottomia asunnon haussa, mutta toiminta tulee keskittym\u00e4\u00e4n my\u00f6s syrj\u00e4ytyneisiin nuoriin, vanhuksiin ja heid\u00e4n hyvinvointiongelmiinsa. <\/p><\/div>Vantaalla ilmoitettiin viel\u00e4 viime vuoden lopulla olleen noin 600 asunnotonta. Kaupunki on omistamansa vuokra-asuntoyhti\u00f6n (VAV Asunnot Oy) kautta p\u00e4\u00e4tt\u00e4nyt yritt\u00e4\u00e4 ratkaista ainakin osaa ongelmasta rakennuttamalla Viertolan kaupunginosaan nopeasti toteutettavalla tekniikalla 58 asuntoa pitk\u00e4aikaisasunnottomille.<em> Asuminen &#038; Yhteiskunta<\/em> -lehden numerossa 3-4\/2011 esiteltiin Viertolan kohteessa toteutettavan projektin ideaa.<\/p>\n<p>Kolmen pienkerrostalon piti valmistua kuluvan vuoden alussa. VAV ilmoittaa kohteen etenemisest\u00e4 ja asuntojen hakumenettelyst\u00e4 www-sivullaan:<\/p>\n<p>&#8221;VAV Asunnot Oy rakennuttaa Viertolaan, osoitteeseen, kerrostalokohdetta uudella moduuliteknologialla. Kohde valmistuu vuoden 2012 alussa. VAV:lle on tullut jonkin verran kyselyj\u00e4 siit\u00e4, miten t\u00e4m\u00e4n kohteen asuntoja voi hakea. Osmank\u00e4\u00e4mintie 28:n kaikki asunnot ovat erityisasuntoja, jotka on varattu pitk\u00e4aikaisasunnottomille. Kohde on osa ymp\u00e4rist\u00f6ministeri\u00f6n pitk\u00e4aikaisasunnottomuuden v\u00e4hent\u00e4misohjelmaa. VAV ei tee asukasvalintoja Osmank\u00e4\u00e4mintie 28:aan, vaan asukkaat t\u00e4h\u00e4n kohteeseen valitsee Vantaan kaupungin sosiaali- ja terveystoimi.&#8221;<\/p>\n<p>Kriittisempi\u00e4 ongelmia Vantaa aikoo ilmeisesti paikata hetkellisesti siirrett\u00e4vill\u00e4 pikkum\u00f6keill\u00e4 &#8221;siirtotuvilla&#8221;. Hollannissa puuttuvia asuntoja on korvattu mm. &#8221;merikonteilla&#8221; opiskelijoille ja asunnottomille hyv\u00e4ll\u00e4 menestyksell\u00e4. Lienev\u00e4tk\u00f6 n\u00e4m\u00e4 kuitenkaan soveliaita esim. ymp\u00e4rivuotiseen asumiseen?<\/p>\n<p>Vaikka Vantaan kaupungin toimet asuntokurjuuden ratkaisemiseksi ovat oikeansuuntaisia ja eritt\u00e4in tarpeellisia, on joukko vapaaehtoisia vantaalaisia kansalaisaktiiveja p\u00e4\u00e4tt\u00e4nyt ryhty\u00e4 my\u00f6s toimiin asunnottomuuden kitkemiseksi, siihen johtavien syiden selvitt\u00e4miseksi ja siit\u00e4 seuraavien ongelmien sy\u00f6vereihin joutuneita auttaakseen. Ajatus j\u00e4rjest\u00e4ytymisest\u00e4 syntyi viime vuoden Asunnottomien y\u00f6n j\u00e4rjestelytoimikunnan, l\u00e4hinn\u00e4 vapaaehtoisista koostuneen ryhm\u00e4n aloitteesta.<\/p>\n<p>Maaliskuun lopulla joukko kokoontui Vantaan A-killan tiloissa p\u00e4\u00e4tt\u00e4m\u00e4\u00e4n &#8221;porukan&#8221; rekister\u00f6innist\u00e4. Hankkeen puuhamies ja yhdistyksen ensimm\u00e4iseksi puheenjohtajaksi valittu Vantaan Tikkurilassa asuva <strong>Jarno Eskelinen<\/strong> m\u00e4\u00e4rittelee Vantaan asunnottomien hyvinvoinnin tuki ry:n tarkoitusta:<\/p>\n<p>&mdash; Toiminnan tarkoitus on l\u00e4hinn\u00e4 tukea vantaalaisia asunnottomia asunnon haussa, mutta toimintamme tulee keskittym\u00e4\u00e4n my\u00f6s syrj\u00e4ytyneisiin nuoriin, vanhuksiin ja heid\u00e4n hyvinvointiongelmiinsa. Syksyll\u00e4 17.10.2012 yhdistys j\u00e4rjest\u00e4\u00e4 perinteisen Asunnottomien Y\u00f6n tapahtuman Tapahtuma on osa YK:n kansainv\u00e4list\u00e4 k\u00f6yhyyden ja syrj\u00e4ytymisen vastustamisen p\u00e4iv\u00e4\u00e4.<\/p>\n","protected":false},"excerpt":{"rendered":"<p>Vantaalla ilmoitettiin viel\u00e4 viime vuoden lopulla olleen noin 600 asunnotonta. Kaupunki on omistamansa vuokra-asuntoyhti\u00f6n (VAV Asunnot Oy) kautta p\u00e4\u00e4tt\u00e4nyt yritt\u00e4\u00e4 ratkaista ainakin osaa ongelmasta rakennuttamalla Viertolan kaupunginosaan nopeasti toteutettavalla tekniikalla 58 asuntoa pitk\u00e4aikaisasunnottomille. Asuminen &#038; Yhteiskunta -lehden numerossa 3-4\/2011 esiteltiin Viertolan kohteessa toteutettavan projektin ideaa. Kolmen pienkerrostalon piti valmistua kuluvan vuoden alussa. VAV ilmoittaa kohteen&hellip;<\/p>\n<p class=\"more-link-p\"><a class=\"more-link\" href=\"https:\/\/www.asukkaidenvantaa.fi\/?p=43\">Lue lis\u00e4\u00e4 \u2192<\/a><\/p>\n","protected":false},"author":5003,"featured_media":44,"comment_status":"open","ping_status":"open","sticky":false,"template":"","format":"standard","meta":{"footnotes":""},"categories":[1],"tags":[16,8],"class_list":["post-43","post","type-post","status-publish","format-standard","has-post-thumbnail","hentry","category-uncategorized","tag-aktivismi","tag-asuminen"],"_links":{"self":[{"href":"https:\/\/www.asukkaidenvantaa.fi\/index.php?rest_route=\/wp\/v2\/posts\/43","targetHints":{"allow":["GET"]}}],"collection":[{"href":"https:\/\/www.asukkaidenvantaa.fi\/index.php?rest_route=\/wp\/v2\/posts"}],"about":[{"href":"https:\/\/www.asukkaidenvantaa.fi\/index.php?rest_route=\/wp\/v2\/types\/post"}],"author":[{"embeddable":true,"href":"https:\/\/www.asukkaidenvantaa.fi\/index.php?rest_route=\/wp\/v2\/users\/5003"}],"replies":[{"embeddable":true,"href":"https:\/\/www.asukkaidenvantaa.fi\/index.php?rest_route=%2Fwp%2Fv2%2Fcomments&post=43"}],"version-history":[{"count":3,"href":"https:\/\/www.asukkaidenvantaa.fi\/index.php?rest_route=\/wp\/v2\/posts\/43\/revisions"}],"predecessor-version":[{"id":149,"href":"https:\/\/www.asukkaidenvantaa.fi\/index.php?rest_route=\/wp\/v2\/posts\/43\/revisions\/149"}],"wp:featuredmedia":[{"embeddable":true,"href":"https:\/\/www.asukkaidenvantaa.fi\/index.php?rest_route=\/wp\/v2\/media\/44"}],"wp:attachment":[{"href":"https:\/\/www.asukkaidenvantaa.fi\/index.php?rest_route=%2Fwp%2Fv2%2Fmedia&parent=43"}],"wp:term":[{"taxonomy":"category","embeddable":true,"href":"https:\/\/www.asukkaidenvantaa.fi\/index.php?rest_route=%2Fwp%2Fv2%2Fcategories&post=43"},{"taxonomy":"post_tag","embeddable":true,"href":"https:\/\/www.asukkaidenvantaa.fi\/index.php?rest_route=%2Fwp%2Fv2%2Ftags&post=43"}],"curies":[{"name":"wp","href":"https:\/\/api.w.org\/{rel}","templated":true}]}}