{"id":4286,"date":"2019-02-11T12:32:04","date_gmt":"2019-02-11T12:32:04","guid":{"rendered":"https:\/\/www.asukkaidenvantaa.fi\/?p=4286"},"modified":"2019-04-17T08:05:08","modified_gmt":"2019-04-17T08:05:08","slug":"vanhustenhoito-kuntoon","status":"publish","type":"post","link":"https:\/\/www.asukkaidenvantaa.fi\/?p=4286","title":{"rendered":"Vanhustenhoito kuntoon"},"content":{"rendered":"\n<figure class=\"wp-block-image\"><img decoding=\"async\" src=\"https:\/\/www.asukkaidenvantaa.fi\/wp-content\/uploads\/\/sites\/31\/2019\/02\/Vanhusten-hoito-1024x512.jpg\" alt=\"\" class=\"wp-image-4288\" \/><\/figure>\n\n\n\n<p>SKP vaatii \nhenkil\u00f6kuntamitoitusten korottamista.&nbsp;Hoitajamitoituksen tulee olla \nv\u00e4hint\u00e4\u00e4n yksi hoitaja yht\u00e4 vanhusta kohden ymp\u00e4rivuorokautisessa \nhoidossa. Mitoitukseen saa laskea vain varsinaista hoitoty\u00f6t\u00e4 tekev\u00e4t ja\n vaatimus on kirjattava my\u00f6s kuntien vanhuspalveluohjelmaan. \nTy\u00f6ntekij\u00e4pulaan on vastattava parantamalla niin ty\u00f6oloja kuin \npalkkaustakin.&nbsp;<\/p>\n\n\n\n<p>Kokoomus kielt\u00e4ytyy sitke\u00e4sti kasvattamasta \nhenkil\u00f6kuntamitoitusta.&nbsp;Hallituksen ratkaisuehdotukset \npainottavat&nbsp;asennemuutoksia, koulutusta&nbsp;ja omavalvontaa.&nbsp;Kaikki n\u00e4m\u00e4 \novat varmasti my\u00f6s tarpeen, mutta&nbsp;kun vanhukset el\u00e4v\u00e4t n\u00e4l\u00e4ss\u00e4, eiv\u00e4t \np\u00e4\u00e4se ulkoilemaan tai ovat ylil\u00e4\u00e4kittyj\u00e4, se ei johdu v\u00e4\u00e4rist\u00e4 \nasenteista vaan henkil\u00f6kuntapulasta.&nbsp;<\/p>\n\n\n\n<p>Nyt keskustelussa unohtuu l\u00e4hes \nkokonaan&nbsp;my\u00f6s&nbsp;se, ett\u00e4 vanhusten ylil\u00e4\u00e4kitseminen johtuu p\u00e4\u00e4asiassa \nhenkil\u00f6kuntapulasta.&nbsp;Kemiallinen sitominen ei voi olla hyv\u00e4ksytt\u00e4v\u00e4 \nk\u00e4yt\u00e4nt\u00f6 ja sen k\u00e4yt\u00f6n tulisi aina olla lyhyt aikaista ja vaatia todella\n painavat perustelut. Ty\u00f6vuorojen vajaamiehitys ei voi olla t\u00e4llainen \nsyy.&nbsp;<\/p>\n\n\n\n<p>Laitoshoidon tai palveluasumisen \nhenkil\u00f6kuntavajetta ei&nbsp;voi&nbsp;sivuuttaa.&nbsp;Siihen on vastattava julkisella \npuolella takaamalla vanhustenhoitoon riitt\u00e4v\u00e4t resurssit ja hyv\u00e4t \nk\u00e4yt\u00e4nn\u00f6t. On luotava j\u00e4rjestelm\u00e4, jonka avulla vanhukset ja heid\u00e4n \nomaisensa voivat tarvittaessa nopeasti reagoida mahdollisiin puutteisiin\n ja saada asiat korjattua.&nbsp;<\/p>\n\n\n\n<p>Jotta kuntien resurssit \nsaadaan kuntoon, on hallituksen palautettava kunnille v\u00e4hint\u00e4\u00e4n miljardi\n leikkaamiaan valtionosuuksia ja osoitettava se kunnalliseen vanhusten- \nja terveydenhuoltoon.&nbsp;<\/p>\n\n\n\n<p>Yksityisell\u00e4 puolella on \naluksi luotava toimiva ulkopuolinen valvonta, jolla on oikeus asettaa \nsanktioita. Pidemm\u00e4ll\u00e4 aikav\u00e4lill\u00e4 on palautettava vanhustenhoito \nkuntien hoidettavaksi.&nbsp;&nbsp;<\/p>\n","protected":false},"excerpt":{"rendered":"<p>SKP vaatii henkil\u00f6kuntamitoitusten korottamista.&nbsp;Hoitajamitoituksen tulee olla v\u00e4hint\u00e4\u00e4n yksi hoitaja yht\u00e4 vanhusta kohden ymp\u00e4rivuorokautisessa hoidossa. Mitoitukseen saa laskea vain varsinaista hoitoty\u00f6t\u00e4 tekev\u00e4t ja vaatimus on kirjattava my\u00f6s kuntien vanhuspalveluohjelmaan. Ty\u00f6ntekij\u00e4pulaan on vastattava parantamalla niin ty\u00f6oloja kuin palkkaustakin.&nbsp; Kokoomus kielt\u00e4ytyy sitke\u00e4sti kasvattamasta henkil\u00f6kuntamitoitusta.&nbsp;Hallituksen ratkaisuehdotukset painottavat&nbsp;asennemuutoksia, koulutusta&nbsp;ja omavalvontaa.&nbsp;Kaikki n\u00e4m\u00e4 ovat varmasti my\u00f6s tarpeen, mutta&nbsp;kun vanhukset el\u00e4v\u00e4t n\u00e4l\u00e4ss\u00e4, eiv\u00e4t&hellip;<\/p>\n<p class=\"more-link-p\"><a class=\"more-link\" href=\"https:\/\/www.asukkaidenvantaa.fi\/?p=4286\">Lue lis\u00e4\u00e4 \u2192<\/a><\/p>\n","protected":false},"author":5003,"featured_media":0,"comment_status":"closed","ping_status":"closed","sticky":false,"template":"","format":"standard","meta":{"footnotes":""},"categories":[28,355],"tags":[],"class_list":["post-4286","post","type-post","status-publish","format-standard","hentry","category-mielipiteet","category-ajankohtaisia"],"_links":{"self":[{"href":"https:\/\/www.asukkaidenvantaa.fi\/index.php?rest_route=\/wp\/v2\/posts\/4286","targetHints":{"allow":["GET"]}}],"collection":[{"href":"https:\/\/www.asukkaidenvantaa.fi\/index.php?rest_route=\/wp\/v2\/posts"}],"about":[{"href":"https:\/\/www.asukkaidenvantaa.fi\/index.php?rest_route=\/wp\/v2\/types\/post"}],"author":[{"embeddable":true,"href":"https:\/\/www.asukkaidenvantaa.fi\/index.php?rest_route=\/wp\/v2\/users\/5003"}],"replies":[{"embeddable":true,"href":"https:\/\/www.asukkaidenvantaa.fi\/index.php?rest_route=%2Fwp%2Fv2%2Fcomments&post=4286"}],"version-history":[{"count":2,"href":"https:\/\/www.asukkaidenvantaa.fi\/index.php?rest_route=\/wp\/v2\/posts\/4286\/revisions"}],"predecessor-version":[{"id":4289,"href":"https:\/\/www.asukkaidenvantaa.fi\/index.php?rest_route=\/wp\/v2\/posts\/4286\/revisions\/4289"}],"wp:attachment":[{"href":"https:\/\/www.asukkaidenvantaa.fi\/index.php?rest_route=%2Fwp%2Fv2%2Fmedia&parent=4286"}],"wp:term":[{"taxonomy":"category","embeddable":true,"href":"https:\/\/www.asukkaidenvantaa.fi\/index.php?rest_route=%2Fwp%2Fv2%2Fcategories&post=4286"},{"taxonomy":"post_tag","embeddable":true,"href":"https:\/\/www.asukkaidenvantaa.fi\/index.php?rest_route=%2Fwp%2Fv2%2Ftags&post=4286"}],"curies":[{"name":"wp","href":"https:\/\/api.w.org\/{rel}","templated":true}]}}