{"id":4260,"date":"2019-01-23T17:11:42","date_gmt":"2019-01-23T17:11:42","guid":{"rendered":"https:\/\/www.asukkaidenvantaa.fi\/?p=4260"},"modified":"2019-02-09T11:34:39","modified_gmt":"2019-02-09T11:34:39","slug":"4260","status":"publish","type":"post","link":"https:\/\/www.asukkaidenvantaa.fi\/?p=4260","title":{"rendered":"Perusturvakiertue starttaa"},"content":{"rendered":"\n<h2 class=\"wp-block-heading\"><br><\/h2>\n\n\n\n<p>SKP:n Uudenmaan piirin perusturvakiertue starttaa Tikkurilan uudelta torilta la 26.1.klo 10 &#8211; 15.<\/p>\n\n\n\n<p>SKP:n vaatimuksena on 1 200 euron perusturva kaikille jotka eiv\u00e4t pysty sit\u00e4 ty\u00f6ll\u00e4\u00e4n hankkimaan. El\u00e4kel\u00e4isille, ty\u00f6tt\u00f6mille, sairaille ja opiskelijoille. 1 200 euron summa l\u00e4htee EU:n k\u00f6yhyysrajam\u00e4\u00e4rityksist\u00e4.<\/p>\n\n\n\n<p>Tikkurilan torilla k\u00e4yd\u00e4\u00e4n keskustelua toimeentulosta. Paikalla on SKP:n eduskuntavaaliehdokkaita. Tule tutustumaan ehdokkaisiin, uusiin vaalivankkureihin ja h\u00f6rpp\u00e4\u00e4m\u00e4\u00e4n kuppi kahvia.<\/p>\n\n\n\n<figure class=\"wp-block-image\"><img loading=\"lazy\" decoding=\"async\" width=\"960\" height=\"720\" src=\"https:\/\/www.asukkaidenvantaa.fi\/wp-content\/uploads\/\/sites\/31\/2019\/01\/Perusturvakiertue-starttaa.jpg\" alt=\"\" class=\"wp-image-4261\" srcset=\"https:\/\/www.asukkaidenvantaa.fi\/wp-content\/uploads\/sites\/31\/2019\/01\/Perusturvakiertue-starttaa.jpg 960w, https:\/\/www.asukkaidenvantaa.fi\/wp-content\/uploads\/sites\/31\/2019\/01\/Perusturvakiertue-starttaa-300x225.jpg 300w, https:\/\/www.asukkaidenvantaa.fi\/wp-content\/uploads\/sites\/31\/2019\/01\/Perusturvakiertue-starttaa-768x576.jpg 768w, https:\/\/www.asukkaidenvantaa.fi\/wp-content\/uploads\/sites\/31\/2019\/01\/Perusturvakiertue-starttaa-560x420.jpg 560w, https:\/\/www.asukkaidenvantaa.fi\/wp-content\/uploads\/sites\/31\/2019\/01\/Perusturvakiertue-starttaa-260x195.jpg 260w, https:\/\/www.asukkaidenvantaa.fi\/wp-content\/uploads\/sites\/31\/2019\/01\/Perusturvakiertue-starttaa-160x120.jpg 160w, https:\/\/www.asukkaidenvantaa.fi\/wp-content\/uploads\/sites\/31\/2019\/01\/Perusturvakiertue-starttaa-386x290.jpg 386w, https:\/\/www.asukkaidenvantaa.fi\/wp-content\/uploads\/sites\/31\/2019\/01\/Perusturvakiertue-starttaa-290x218.jpg 290w, https:\/\/www.asukkaidenvantaa.fi\/wp-content\/uploads\/sites\/31\/2019\/01\/Perusturvakiertue-starttaa-193x145.jpg 193w\" sizes=\"auto, (max-width: 960px) 100vw, 960px\" \/><figcaption>SKP:n perusturvakiertue starttaa Tikkurilan uudelta torilta la 26.1. klo 10-15.<\/figcaption><\/figure>\n\n\n\n<h2 class=\"wp-block-heading\"><\/h2>\n","protected":false},"excerpt":{"rendered":"<p>SKP:n Uudenmaan piirin perusturvakiertue starttaa Tikkurilan uudelta torilta la 26.1.klo 10 &#8211; 15. SKP:n vaatimuksena on 1 200 euron perusturva kaikille jotka eiv\u00e4t pysty sit\u00e4 ty\u00f6ll\u00e4\u00e4n hankkimaan. El\u00e4kel\u00e4isille, ty\u00f6tt\u00f6mille, sairaille ja opiskelijoille. 1 200 euron summa l\u00e4htee EU:n k\u00f6yhyysrajam\u00e4\u00e4rityksist\u00e4. Tikkurilan torilla k\u00e4yd\u00e4\u00e4n keskustelua toimeentulosta. Paikalla on SKP:n eduskuntavaaliehdokkaita. Tule tutustumaan ehdokkaisiin, uusiin vaalivankkureihin ja h\u00f6rpp\u00e4\u00e4m\u00e4\u00e4n&hellip;<\/p>\n<p class=\"more-link-p\"><a class=\"more-link\" href=\"https:\/\/www.asukkaidenvantaa.fi\/?p=4260\">Lue lis\u00e4\u00e4 \u2192<\/a><\/p>\n","protected":false},"author":5003,"featured_media":0,"comment_status":"closed","ping_status":"closed","sticky":false,"template":"","format":"standard","meta":{"footnotes":""},"categories":[35,355],"tags":[492,491],"class_list":["post-4260","post","type-post","status-publish","format-standard","hentry","category-tapahtumat","category-ajankohtaisia","tag-eduskuntavaaliehdokas","tag-perustuva"],"_links":{"self":[{"href":"https:\/\/www.asukkaidenvantaa.fi\/index.php?rest_route=\/wp\/v2\/posts\/4260","targetHints":{"allow":["GET"]}}],"collection":[{"href":"https:\/\/www.asukkaidenvantaa.fi\/index.php?rest_route=\/wp\/v2\/posts"}],"about":[{"href":"https:\/\/www.asukkaidenvantaa.fi\/index.php?rest_route=\/wp\/v2\/types\/post"}],"author":[{"embeddable":true,"href":"https:\/\/www.asukkaidenvantaa.fi\/index.php?rest_route=\/wp\/v2\/users\/5003"}],"replies":[{"embeddable":true,"href":"https:\/\/www.asukkaidenvantaa.fi\/index.php?rest_route=%2Fwp%2Fv2%2Fcomments&post=4260"}],"version-history":[{"count":3,"href":"https:\/\/www.asukkaidenvantaa.fi\/index.php?rest_route=\/wp\/v2\/posts\/4260\/revisions"}],"predecessor-version":[{"id":4265,"href":"https:\/\/www.asukkaidenvantaa.fi\/index.php?rest_route=\/wp\/v2\/posts\/4260\/revisions\/4265"}],"wp:attachment":[{"href":"https:\/\/www.asukkaidenvantaa.fi\/index.php?rest_route=%2Fwp%2Fv2%2Fmedia&parent=4260"}],"wp:term":[{"taxonomy":"category","embeddable":true,"href":"https:\/\/www.asukkaidenvantaa.fi\/index.php?rest_route=%2Fwp%2Fv2%2Fcategories&post=4260"},{"taxonomy":"post_tag","embeddable":true,"href":"https:\/\/www.asukkaidenvantaa.fi\/index.php?rest_route=%2Fwp%2Fv2%2Ftags&post=4260"}],"curies":[{"name":"wp","href":"https:\/\/api.w.org\/{rel}","templated":true}]}}