{"id":4241,"date":"2018-12-06T12:16:45","date_gmt":"2018-12-06T12:16:45","guid":{"rendered":"https:\/\/www.asukkaidenvantaa.fi\/?p=4241"},"modified":"2018-12-06T12:21:57","modified_gmt":"2018-12-06T12:21:57","slug":"sota-kylla-rauha-ei","status":"publish","type":"post","link":"https:\/\/www.asukkaidenvantaa.fi\/?p=4241","title":{"rendered":"Sota kyll\u00e4, rauha ei"},"content":{"rendered":"<p>Itsen\u00e4isyysp\u00e4iv\u00e4n &#8221;juhlallisuuksiin&#8221; kuulu sotilasparaati. T\u00e4n\u00e4 vuonna sapeleita kalistellaan p\u00e4\u00e4majakaupunki Mikkeliss\u00e4. Ja rahaa l\u00f6ytyy.<\/p>\n<p><a href=\"https:\/\/www.asukkaidenvantaa.fi\/?attachment_id=4244\" rel=\"attachment wp-att-4244\"><img loading=\"lazy\" decoding=\"async\" src=\"https:\/\/www.asukkaidenvantaa.fi\/wp-content\/uploads\/\/sites\/31\/2018\/12\/Itsen\u00e4isyysp\u00e4iv\u00e4n-paraati.png\" alt=\"\" width=\"311\" height=\"80\" class=\"alignleft size-full wp-image-4244\" \/><\/a><br \/>\n<a href=\"https:\/\/www.asukkaidenvantaa.fi\/?attachment_id=4248\" rel=\"attachment wp-att-4248\"><img loading=\"lazy\" decoding=\"async\" src=\"https:\/\/www.asukkaidenvantaa.fi\/wp-content\/uploads\/\/sites\/31\/2018\/12\/Hornetit.jpg\" alt=\"\" width=\"275\" height=\"183\" class=\"alignright size-full wp-image-4248\" \/><\/a><\/p>\n<p>Samanaikaisesti hallitus esitt\u00e4 suomalaisten rauhanj\u00e4rjest\u00f6jen avustusten leikkaamista 400 000 eurosta 300 000 euroon.<br \/>\nOn irvokasta panna rauhanj\u00e4rjest\u00f6t ase-esittelyjen maksajiksi.<br \/>\nLeikkaus on jo Sipil\u00e4n hallituksen toinen, ensimm\u00e4isess\u00e4 budjetissaan Sipil\u00e4n hallitus leikkasi rauhanj\u00e4rjest\u00f6jen m\u00e4\u00e4r\u00e4han 500 000 eurosta 400 000 euroon.<\/p>\n<p><a href=\"https:\/\/www.asukkaidenvantaa.fi\/?attachment_id=4250\" rel=\"attachment wp-att-4250\"><img loading=\"lazy\" decoding=\"async\" src=\"https:\/\/www.asukkaidenvantaa.fi\/wp-content\/uploads\/\/sites\/31\/2018\/12\/Suomen-rauhanpuolustajat.jpg\" alt=\"\" width=\"180\" height=\"180\" class=\"alignleft size-full wp-image-4250\" srcset=\"https:\/\/www.asukkaidenvantaa.fi\/wp-content\/uploads\/sites\/31\/2018\/12\/Suomen-rauhanpuolustajat.jpg 180w, https:\/\/www.asukkaidenvantaa.fi\/wp-content\/uploads\/sites\/31\/2018\/12\/Suomen-rauhanpuolustajat-150x150.jpg 150w, https:\/\/www.asukkaidenvantaa.fi\/wp-content\/uploads\/sites\/31\/2018\/12\/Suomen-rauhanpuolustajat-160x160.jpg 160w\" sizes=\"auto, (max-width: 180px) 100vw, 180px\" \/><\/a><a href=\"https:\/\/www.asukkaidenvantaa.fi\/?attachment_id=4251\" rel=\"attachment wp-att-4251\"><img loading=\"lazy\" decoding=\"async\" src=\"https:\/\/www.asukkaidenvantaa.fi\/wp-content\/uploads\/\/sites\/31\/2018\/12\/rauhanliitto.jpg\" alt=\"\" width=\"291\" height=\"114\" class=\"aligncenter size-full wp-image-4251\" srcset=\"https:\/\/www.asukkaidenvantaa.fi\/wp-content\/uploads\/sites\/31\/2018\/12\/rauhanliitto.jpg 291w, https:\/\/www.asukkaidenvantaa.fi\/wp-content\/uploads\/sites\/31\/2018\/12\/rauhanliitto-260x102.jpg 260w, https:\/\/www.asukkaidenvantaa.fi\/wp-content\/uploads\/sites\/31\/2018\/12\/rauhanliitto-160x63.jpg 160w, https:\/\/www.asukkaidenvantaa.fi\/wp-content\/uploads\/sites\/31\/2018\/12\/rauhanliitto-290x114.jpg 290w\" sizes=\"auto, (max-width: 291px) 100vw, 291px\" \/><\/a><a href=\"https:\/\/www.asukkaidenvantaa.fi\/?attachment_id=4252\" rel=\"attachment wp-att-4252\"><img loading=\"lazy\" decoding=\"async\" src=\"https:\/\/www.asukkaidenvantaa.fi\/wp-content\/uploads\/\/sites\/31\/2018\/12\/naiset-rauhan-puolesta.jpg\" alt=\"\" width=\"295\" height=\"88\" class=\"alignright size-full wp-image-4252\" srcset=\"https:\/\/www.asukkaidenvantaa.fi\/wp-content\/uploads\/sites\/31\/2018\/12\/naiset-rauhan-puolesta.jpg 295w, https:\/\/www.asukkaidenvantaa.fi\/wp-content\/uploads\/sites\/31\/2018\/12\/naiset-rauhan-puolesta-260x78.jpg 260w, https:\/\/www.asukkaidenvantaa.fi\/wp-content\/uploads\/sites\/31\/2018\/12\/naiset-rauhan-puolesta-160x48.jpg 160w, https:\/\/www.asukkaidenvantaa.fi\/wp-content\/uploads\/sites\/31\/2018\/12\/naiset-rauhan-puolesta-290x88.jpg 290w\" sizes=\"auto, (max-width: 295px) 100vw, 295px\" \/><\/a><\/p>\n<p>Suomessa toimii parikymment\u00e4 rauhanj\u00e4rjest\u00f6\u00e4 jotka jakavat rauhanj\u00e4rjest\u00f6ille my\u00f6nnett\u00e4v\u00e4n valtionavun. Tuki on jo niin olematon, ettei siin\u00e4 ole leikkaamisen varaa. Niukoista varoista huolimatta j\u00e4rjest\u00f6t ovat saaneet paljon aikaiseksi. Kiitos siit\u00e4 j\u00e4rjest\u00f6iss\u00e4 toimiville vapaaehtoisille ja j\u00e4senille.<\/p>\n<p>Vastaiskuksi (sotilaallisin termein) tulisi nyt jokaisen joka ei viel\u00e4 ole j\u00e4sen, liitty\u00e4 johonkin rauhanj\u00e4rjest\u00f6\u00f6n. T\u00e4ll\u00e4 tavoin j\u00e4senmaksuillaan kaventaa hallituksen leikkausta, kunnes hallitus saadaan seuraavien eduskuntavaalien j\u00e4lkeen vaihdettua.<\/p>\n","protected":false},"excerpt":{"rendered":"<p>Itsen\u00e4isyysp\u00e4iv\u00e4n &#8221;juhlallisuuksiin&#8221; kuulu sotilasparaati. T\u00e4n\u00e4 vuonna sapeleita kalistellaan p\u00e4\u00e4majakaupunki Mikkeliss\u00e4. Ja rahaa l\u00f6ytyy. Samanaikaisesti hallitus esitt\u00e4 suomalaisten rauhanj\u00e4rjest\u00f6jen avustusten leikkaamista 400 000 eurosta 300 000 euroon. On irvokasta panna rauhanj\u00e4rjest\u00f6t ase-esittelyjen maksajiksi. Leikkaus on jo Sipil\u00e4n hallituksen toinen, ensimm\u00e4isess\u00e4 budjetissaan Sipil\u00e4n hallitus leikkasi rauhanj\u00e4rjest\u00f6jen m\u00e4\u00e4r\u00e4han 500 000 eurosta 400 000 euroon. Suomessa toimii parikymment\u00e4 rauhanj\u00e4rjest\u00f6\u00e4&hellip;<\/p>\n<p class=\"more-link-p\"><a class=\"more-link\" href=\"https:\/\/www.asukkaidenvantaa.fi\/?p=4241\">Lue lis\u00e4\u00e4 \u2192<\/a><\/p>\n","protected":false},"author":5003,"featured_media":0,"comment_status":"closed","ping_status":"closed","sticky":false,"template":"","format":"standard","meta":{"footnotes":""},"categories":[28],"tags":[],"class_list":["post-4241","post","type-post","status-publish","format-standard","hentry","category-mielipiteet"],"_links":{"self":[{"href":"https:\/\/www.asukkaidenvantaa.fi\/index.php?rest_route=\/wp\/v2\/posts\/4241","targetHints":{"allow":["GET"]}}],"collection":[{"href":"https:\/\/www.asukkaidenvantaa.fi\/index.php?rest_route=\/wp\/v2\/posts"}],"about":[{"href":"https:\/\/www.asukkaidenvantaa.fi\/index.php?rest_route=\/wp\/v2\/types\/post"}],"author":[{"embeddable":true,"href":"https:\/\/www.asukkaidenvantaa.fi\/index.php?rest_route=\/wp\/v2\/users\/5003"}],"replies":[{"embeddable":true,"href":"https:\/\/www.asukkaidenvantaa.fi\/index.php?rest_route=%2Fwp%2Fv2%2Fcomments&post=4241"}],"version-history":[{"count":10,"href":"https:\/\/www.asukkaidenvantaa.fi\/index.php?rest_route=\/wp\/v2\/posts\/4241\/revisions"}],"predecessor-version":[{"id":4258,"href":"https:\/\/www.asukkaidenvantaa.fi\/index.php?rest_route=\/wp\/v2\/posts\/4241\/revisions\/4258"}],"wp:attachment":[{"href":"https:\/\/www.asukkaidenvantaa.fi\/index.php?rest_route=%2Fwp%2Fv2%2Fmedia&parent=4241"}],"wp:term":[{"taxonomy":"category","embeddable":true,"href":"https:\/\/www.asukkaidenvantaa.fi\/index.php?rest_route=%2Fwp%2Fv2%2Fcategories&post=4241"},{"taxonomy":"post_tag","embeddable":true,"href":"https:\/\/www.asukkaidenvantaa.fi\/index.php?rest_route=%2Fwp%2Fv2%2Ftags&post=4241"}],"curies":[{"name":"wp","href":"https:\/\/api.w.org\/{rel}","templated":true}]}}