{"id":4236,"date":"2018-11-29T09:36:57","date_gmt":"2018-11-29T09:36:57","guid":{"rendered":"https:\/\/www.asukkaidenvantaa.fi\/?p=4236"},"modified":"2019-02-09T11:29:02","modified_gmt":"2019-02-09T11:29:02","slug":"ajankohtaista-euroopan-unionista","status":"publish","type":"post","link":"https:\/\/www.asukkaidenvantaa.fi\/?p=4236","title":{"rendered":"Ajankohtaista Euroopan Unionista"},"content":{"rendered":"<p>Tiedekeskus Heurekassa j\u00e4rjestet\u00e4\u00e4n 5.12. klo 11 &#8211; 17 luento- ja keskustelutilaisuus ajankohtaisista aiheista liittyen Euroon unioniin.<br \/>\n<a href=\"https:\/\/www.asukkaidenvantaa.fi\/?attachment_id=4239\" rel=\"attachment wp-att-4239\"><img loading=\"lazy\" decoding=\"async\" src=\"https:\/\/www.asukkaidenvantaa.fi\/wp-content\/uploads\/\/sites\/31\/2018\/11\/Heureka.png\" alt=\"\" class=\"alignright size-full wp-image-4239\" width=\"795\" height=\"1020\" srcset=\"https:\/\/www.asukkaidenvantaa.fi\/wp-content\/uploads\/sites\/31\/2018\/11\/Heureka.png 795w, https:\/\/www.asukkaidenvantaa.fi\/wp-content\/uploads\/sites\/31\/2018\/11\/Heureka-234x300.png 234w, https:\/\/www.asukkaidenvantaa.fi\/wp-content\/uploads\/sites\/31\/2018\/11\/Heureka-768x985.png 768w, https:\/\/www.asukkaidenvantaa.fi\/wp-content\/uploads\/sites\/31\/2018\/11\/Heureka-560x718.png 560w, https:\/\/www.asukkaidenvantaa.fi\/wp-content\/uploads\/sites\/31\/2018\/11\/Heureka-260x334.png 260w, https:\/\/www.asukkaidenvantaa.fi\/wp-content\/uploads\/sites\/31\/2018\/11\/Heureka-160x205.png 160w\" sizes=\"auto, (max-width: 795px) 100vw, 795px\" \/><\/a><\/p>\n","protected":false},"excerpt":{"rendered":"<p>Tiedekeskus Heurekassa j\u00e4rjestet\u00e4\u00e4n 5.12. klo 11 &#8211; 17 luento- ja keskustelutilaisuus ajankohtaisista aiheista liittyen Euroon unioniin.<\/p>\n<p class=\"more-link-p\"><a class=\"more-link\" href=\"https:\/\/www.asukkaidenvantaa.fi\/?p=4236\">Lue lis\u00e4\u00e4 \u2192<\/a><\/p>\n","protected":false},"author":5003,"featured_media":0,"comment_status":"closed","ping_status":"closed","sticky":false,"template":"","format":"standard","meta":{"footnotes":""},"categories":[35],"tags":[],"class_list":["post-4236","post","type-post","status-publish","format-standard","hentry","category-tapahtumat"],"_links":{"self":[{"href":"https:\/\/www.asukkaidenvantaa.fi\/index.php?rest_route=\/wp\/v2\/posts\/4236","targetHints":{"allow":["GET"]}}],"collection":[{"href":"https:\/\/www.asukkaidenvantaa.fi\/index.php?rest_route=\/wp\/v2\/posts"}],"about":[{"href":"https:\/\/www.asukkaidenvantaa.fi\/index.php?rest_route=\/wp\/v2\/types\/post"}],"author":[{"embeddable":true,"href":"https:\/\/www.asukkaidenvantaa.fi\/index.php?rest_route=\/wp\/v2\/users\/5003"}],"replies":[{"embeddable":true,"href":"https:\/\/www.asukkaidenvantaa.fi\/index.php?rest_route=%2Fwp%2Fv2%2Fcomments&post=4236"}],"version-history":[{"count":3,"href":"https:\/\/www.asukkaidenvantaa.fi\/index.php?rest_route=\/wp\/v2\/posts\/4236\/revisions"}],"predecessor-version":[{"id":4273,"href":"https:\/\/www.asukkaidenvantaa.fi\/index.php?rest_route=\/wp\/v2\/posts\/4236\/revisions\/4273"}],"wp:attachment":[{"href":"https:\/\/www.asukkaidenvantaa.fi\/index.php?rest_route=%2Fwp%2Fv2%2Fmedia&parent=4236"}],"wp:term":[{"taxonomy":"category","embeddable":true,"href":"https:\/\/www.asukkaidenvantaa.fi\/index.php?rest_route=%2Fwp%2Fv2%2Fcategories&post=4236"},{"taxonomy":"post_tag","embeddable":true,"href":"https:\/\/www.asukkaidenvantaa.fi\/index.php?rest_route=%2Fwp%2Fv2%2Ftags&post=4236"}],"curies":[{"name":"wp","href":"https:\/\/api.w.org\/{rel}","templated":true}]}}