{"id":4233,"date":"2018-08-03T06:14:25","date_gmt":"2018-08-03T06:14:25","guid":{"rendered":"https:\/\/www.asukkaidenvantaa.fi\/?p=4233"},"modified":"2018-08-03T06:14:25","modified_gmt":"2018-08-03T06:14:25","slug":"ydinaseet-yha-polttava-ongelma","status":"publish","type":"post","link":"https:\/\/www.asukkaidenvantaa.fi\/?p=4233","title":{"rendered":"Ydinaseet, yh\u00e4 polttava ongelma"},"content":{"rendered":"<p><strong>Perinteinen tilaisuus Veinin myllyn rannassa<\/strong><\/p>\n<p>Vantaan Rauhanpuolustajat j\u00e4rjest\u00e4\u00e4 6.8. Hiroshiman uhrien muistotilaiuuden Tikkurilassa Veinin myllyn rannassa. Hiroshiman uhrien muistop\u00e4iv\u00e4\u00e4 vietet\u00e4\u00e4n ymp\u00e4ri maailman. Ydinasetilannetta tullaan k\u00e4sittelem\u00e4\u00e4n tilaisuuksissa. Miten kansalaisten ja valtioiden toimia voidaan tehostaa ydinasevaaran v\u00e4hent\u00e4miseksi?<\/p>\n<p>Vantaan tilaisuudessa esiintyy ydinvoimaan ja ydinaseisiin, erityisesti ydinaseriisuntaan, perehtynyt opettaja Ulla Kl\u00f6tzer.<\/p>\n<p>Tilaisuuden viihteellisest\u00e4 puolesta huolehtii Laulaja Merikukka Kiviharju.<\/p>\n<p>Tilaisuuden lopuksi yleis\u00f6 laskee kukkia Keravanjokeen.<\/p>\n<p><a href=\"https:\/\/www.asukkaidenvantaa.fi\/?attachment_id=4234\" rel=\"attachment wp-att-4234\"><img loading=\"lazy\" decoding=\"async\" src=\"https:\/\/www.asukkaidenvantaa.fi\/wp-content\/uploads\/\/sites\/31\/2018\/08\/Hiroshima-tilaisuus-2018-2-pienennys.jpg\" alt=\"\" width=\"1414\" height=\"1414\" class=\"alignright size-full wp-image-4234\" srcset=\"https:\/\/www.asukkaidenvantaa.fi\/wp-content\/uploads\/sites\/31\/2018\/08\/Hiroshima-tilaisuus-2018-2-pienennys.jpg 1414w, https:\/\/www.asukkaidenvantaa.fi\/wp-content\/uploads\/sites\/31\/2018\/08\/Hiroshima-tilaisuus-2018-2-pienennys-150x150.jpg 150w, https:\/\/www.asukkaidenvantaa.fi\/wp-content\/uploads\/sites\/31\/2018\/08\/Hiroshima-tilaisuus-2018-2-pienennys-300x300.jpg 300w, https:\/\/www.asukkaidenvantaa.fi\/wp-content\/uploads\/sites\/31\/2018\/08\/Hiroshima-tilaisuus-2018-2-pienennys-768x768.jpg 768w, https:\/\/www.asukkaidenvantaa.fi\/wp-content\/uploads\/sites\/31\/2018\/08\/Hiroshima-tilaisuus-2018-2-pienennys-1024x1024.jpg 1024w, https:\/\/www.asukkaidenvantaa.fi\/wp-content\/uploads\/sites\/31\/2018\/08\/Hiroshima-tilaisuus-2018-2-pienennys-560x560.jpg 560w, https:\/\/www.asukkaidenvantaa.fi\/wp-content\/uploads\/sites\/31\/2018\/08\/Hiroshima-tilaisuus-2018-2-pienennys-260x260.jpg 260w, https:\/\/www.asukkaidenvantaa.fi\/wp-content\/uploads\/sites\/31\/2018\/08\/Hiroshima-tilaisuus-2018-2-pienennys-160x160.jpg 160w\" sizes=\"auto, (max-width: 1414px) 100vw, 1414px\" \/><\/a><\/p>\n","protected":false},"excerpt":{"rendered":"<p>Perinteinen tilaisuus Veinin myllyn rannassa Vantaan Rauhanpuolustajat j\u00e4rjest\u00e4\u00e4 6.8. Hiroshiman uhrien muistotilaiuuden Tikkurilassa Veinin myllyn rannassa. Hiroshiman uhrien muistop\u00e4iv\u00e4\u00e4 vietet\u00e4\u00e4n ymp\u00e4ri maailman. Ydinasetilannetta tullaan k\u00e4sittelem\u00e4\u00e4n tilaisuuksissa. Miten kansalaisten ja valtioiden toimia voidaan tehostaa ydinasevaaran v\u00e4hent\u00e4miseksi? Vantaan tilaisuudessa esiintyy ydinvoimaan ja ydinaseisiin, erityisesti ydinaseriisuntaan, perehtynyt opettaja Ulla Kl\u00f6tzer. Tilaisuuden viihteellisest\u00e4 puolesta huolehtii Laulaja Merikukka Kiviharju. Tilaisuuden&hellip;<\/p>\n<p class=\"more-link-p\"><a class=\"more-link\" href=\"https:\/\/www.asukkaidenvantaa.fi\/?p=4233\">Lue lis\u00e4\u00e4 \u2192<\/a><\/p>\n","protected":false},"author":5003,"featured_media":0,"comment_status":"closed","ping_status":"closed","sticky":false,"template":"","format":"standard","meta":{"footnotes":""},"categories":[35],"tags":[],"class_list":["post-4233","post","type-post","status-publish","format-standard","hentry","category-tapahtumat"],"_links":{"self":[{"href":"https:\/\/www.asukkaidenvantaa.fi\/index.php?rest_route=\/wp\/v2\/posts\/4233","targetHints":{"allow":["GET"]}}],"collection":[{"href":"https:\/\/www.asukkaidenvantaa.fi\/index.php?rest_route=\/wp\/v2\/posts"}],"about":[{"href":"https:\/\/www.asukkaidenvantaa.fi\/index.php?rest_route=\/wp\/v2\/types\/post"}],"author":[{"embeddable":true,"href":"https:\/\/www.asukkaidenvantaa.fi\/index.php?rest_route=\/wp\/v2\/users\/5003"}],"replies":[{"embeddable":true,"href":"https:\/\/www.asukkaidenvantaa.fi\/index.php?rest_route=%2Fwp%2Fv2%2Fcomments&post=4233"}],"version-history":[{"count":1,"href":"https:\/\/www.asukkaidenvantaa.fi\/index.php?rest_route=\/wp\/v2\/posts\/4233\/revisions"}],"predecessor-version":[{"id":4235,"href":"https:\/\/www.asukkaidenvantaa.fi\/index.php?rest_route=\/wp\/v2\/posts\/4233\/revisions\/4235"}],"wp:attachment":[{"href":"https:\/\/www.asukkaidenvantaa.fi\/index.php?rest_route=%2Fwp%2Fv2%2Fmedia&parent=4233"}],"wp:term":[{"taxonomy":"category","embeddable":true,"href":"https:\/\/www.asukkaidenvantaa.fi\/index.php?rest_route=%2Fwp%2Fv2%2Fcategories&post=4233"},{"taxonomy":"post_tag","embeddable":true,"href":"https:\/\/www.asukkaidenvantaa.fi\/index.php?rest_route=%2Fwp%2Fv2%2Ftags&post=4233"}],"curies":[{"name":"wp","href":"https:\/\/api.w.org\/{rel}","templated":true}]}}