{"id":4225,"date":"2018-05-08T12:46:34","date_gmt":"2018-05-08T12:46:34","guid":{"rendered":"https:\/\/www.asukkaidenvantaa.fi\/?p=4225"},"modified":"2018-05-08T12:48:01","modified_gmt":"2018-05-08T12:48:01","slug":"vantaalaisten-punaisten-sisallissodan-uhrien-nimet-julki","status":"publish","type":"post","link":"https:\/\/www.asukkaidenvantaa.fi\/?p=4225","title":{"rendered":"Vantaalaisten punaisten sis\u00e4llissodan uhrien nimet julki"},"content":{"rendered":"<p>Sis\u00e4llisodassa 1918 kaatuneille punaisille on pystytetty muistomerkki Vantaan Hiekkaharjuun. Pitk\u00e4st\u00e4 yritt\u00e4misest\u00e4 huolimatta tiedossa olevien runsaan nelj\u00e4nsadan uhrin nime\u00e4 ei ole saatu muistomerkin yhteyteen.<\/p>\n<p>15. toukokuuta tulee kuluneeksi 100 vuotta sis\u00e4llissodan p\u00e4\u00e4ttymisest\u00e4. Silloin j\u00e4rjestet\u00e4\u00e4n Tikkuraitilla Tikkurilassa tilaisuus:<br \/>\n<strong>Me emme unohda &#8211; Vantaa 1918<\/strong><br \/>\nTilaisuudessa luetaan kaikki yli nelj\u00e4sataa nime\u00e4.<br \/>\n<a href=\"https:\/\/www.asukkaidenvantaa.fi\/?attachment_id=4226\" rel=\"attachment wp-att-4226\"><img loading=\"lazy\" decoding=\"async\" src=\"https:\/\/www.asukkaidenvantaa.fi\/wp-content\/uploads\/\/sites\/31\/2018\/05\/punakaartilaisia-Pasilan-ratapihalla.-Kaatuneet-Helsinki-Hanko-radalla-taisteluissa.Valok_.Bufa-1918-O.img404-2-e1525783410346.png\" alt=\"\" width=\"700\" height=\"347\" class=\"alignright size-full wp-image-4226\" \/><\/a><\/p>\n<p>Tilaisuuden j\u00e4rjest\u00e4\u00e4 SKP:n Uudenmaan piirij\u00e4rjest\u00f6 ry<br \/>\nOhessa tilaisuuden tarkemmat tiedot:<br \/>\nTiedot<br \/>\nTule mukaan lukemaan \u00e4\u00e4neen Vantaalla 1918 taisteluissa tai sen j\u00e4lkeen vankileireill\u00e4 kuolleiden vantaalaisten punakaartilaisten nimet, joita Vantaan kaupunki ei ole halunnut kirjoittaa Hiekkaharjulla olevan Punaisten muistomerkkiin.<\/p>\n<p>Me luemme nimet \u00e4\u00e4neen 100 vuotta sis\u00e4llissodan p\u00e4\u00e4ttymisen j\u00e4lkeen, sill\u00e4 me emme tahdo unohtaa heit\u00e4. Haluamme, ett\u00e4 heid\u00e4t muistetaan. V\u00e4\u00e4ryydet voidaan antaa anteeksi vasta kun ne on tunnustettu.<\/p>\n<p>Jos haluat osallistua nimien lukemiseen, l\u00e4het\u00e4 s\u00e4hk\u00f6postia skp.uusimaa@skp.fi<\/p>\n<p>Kaikki ovat tervetulleita seuraamaan nimien \u00e4\u00e4neen lukemista.<\/p>\n","protected":false},"excerpt":{"rendered":"<p>Sis\u00e4llisodassa 1918 kaatuneille punaisille on pystytetty muistomerkki Vantaan Hiekkaharjuun. Pitk\u00e4st\u00e4 yritt\u00e4misest\u00e4 huolimatta tiedossa olevien runsaan nelj\u00e4nsadan uhrin nime\u00e4 ei ole saatu muistomerkin yhteyteen. 15. toukokuuta tulee kuluneeksi 100 vuotta sis\u00e4llissodan p\u00e4\u00e4ttymisest\u00e4. Silloin j\u00e4rjestet\u00e4\u00e4n Tikkuraitilla Tikkurilassa tilaisuus: Me emme unohda &#8211; Vantaa 1918 Tilaisuudessa luetaan kaikki yli nelj\u00e4sataa nime\u00e4. Tilaisuuden j\u00e4rjest\u00e4\u00e4 SKP:n Uudenmaan piirij\u00e4rjest\u00f6 ry Ohessa&hellip;<\/p>\n<p class=\"more-link-p\"><a class=\"more-link\" href=\"https:\/\/www.asukkaidenvantaa.fi\/?p=4225\">Lue lis\u00e4\u00e4 \u2192<\/a><\/p>\n","protected":false},"author":5003,"featured_media":0,"comment_status":"closed","ping_status":"closed","sticky":false,"template":"","format":"standard","meta":{"footnotes":""},"categories":[10,35,355],"tags":[],"class_list":["post-4225","post","type-post","status-publish","format-standard","hentry","category-kulttuuri","category-tapahtumat","category-ajankohtaisia"],"_links":{"self":[{"href":"https:\/\/www.asukkaidenvantaa.fi\/index.php?rest_route=\/wp\/v2\/posts\/4225","targetHints":{"allow":["GET"]}}],"collection":[{"href":"https:\/\/www.asukkaidenvantaa.fi\/index.php?rest_route=\/wp\/v2\/posts"}],"about":[{"href":"https:\/\/www.asukkaidenvantaa.fi\/index.php?rest_route=\/wp\/v2\/types\/post"}],"author":[{"embeddable":true,"href":"https:\/\/www.asukkaidenvantaa.fi\/index.php?rest_route=\/wp\/v2\/users\/5003"}],"replies":[{"embeddable":true,"href":"https:\/\/www.asukkaidenvantaa.fi\/index.php?rest_route=%2Fwp%2Fv2%2Fcomments&post=4225"}],"version-history":[{"count":4,"href":"https:\/\/www.asukkaidenvantaa.fi\/index.php?rest_route=\/wp\/v2\/posts\/4225\/revisions"}],"predecessor-version":[{"id":4230,"href":"https:\/\/www.asukkaidenvantaa.fi\/index.php?rest_route=\/wp\/v2\/posts\/4225\/revisions\/4230"}],"wp:attachment":[{"href":"https:\/\/www.asukkaidenvantaa.fi\/index.php?rest_route=%2Fwp%2Fv2%2Fmedia&parent=4225"}],"wp:term":[{"taxonomy":"category","embeddable":true,"href":"https:\/\/www.asukkaidenvantaa.fi\/index.php?rest_route=%2Fwp%2Fv2%2Fcategories&post=4225"},{"taxonomy":"post_tag","embeddable":true,"href":"https:\/\/www.asukkaidenvantaa.fi\/index.php?rest_route=%2Fwp%2Fv2%2Ftags&post=4225"}],"curies":[{"name":"wp","href":"https:\/\/api.w.org\/{rel}","templated":true}]}}