{"id":4208,"date":"2018-04-29T07:26:28","date_gmt":"2018-04-29T07:26:28","guid":{"rendered":"https:\/\/www.asukkaidenvantaa.fi\/?p=4208"},"modified":"2018-04-29T07:26:28","modified_gmt":"2018-04-29T07:26:28","slug":"vappuaamuna-hiekkaharjuun-punaisten-muistomerkille","status":"publish","type":"post","link":"https:\/\/www.asukkaidenvantaa.fi\/?p=4208","title":{"rendered":"Vappuaamuna Hiekkaharjuun punaisten muistomerkille"},"content":{"rendered":"<div id=\"attachment_4209\" style=\"width: 710px\" class=\"wp-caption aligncenter\"><a href=\"https:\/\/www.asukkaidenvantaa.fi\/?attachment_id=4209\" rel=\"attachment wp-att-4209\"><img loading=\"lazy\" decoding=\"async\" aria-describedby=\"caption-attachment-4209\" src=\"https:\/\/www.asukkaidenvantaa.fi\/wp-content\/uploads\/\/sites\/31\/2018\/04\/Vappu-2014-2-e1524985402247.jpg\" alt=\"\" width=\"700\" height=\"525\" class=\"size-full wp-image-4209\" \/><\/a><p id=\"caption-attachment-4209\" class=\"wp-caption-text\">Hiekkaharjun punaisten muistomerkill\u00e4 vappuna 2014<\/p><\/div>\nVantaalaiset ty\u00f6v\u00e4enj\u00e4rjest\u00f6t aloittavat vappup\u00e4iv\u00e4n vieton vierailemalla punaisten muistomerkill\u00e4 Hiekkaharjussa.<br \/>\nT\u00e4n\u00e4 vuonna luokkasodan tapahtumat t\u00e4ytt\u00e4v\u00e4t 100 vuotta. Vantaalaiset toivotetaan laajemminkin tervetulleiksi kunnioittamaan luokkasodan uhreja ja muistelemaan sadan vuoden takaisia tapahtumia my\u00f6s Tikkurilan seudulla.<\/p>\n<p>  <strong> 1.5. VAPPUAAMUN<br \/>\n   MUISTOTILAISUUS<\/strong><br \/>\n   vakaumuksensa puolesta<br \/>\n   kaatuneiden muistomerkill\u00e4<\/p>\n<p>Vappuaamun muistotilaisuus vakaumuksensa puolesta kaatuneiden muistomerkill\u00e4 j\u00e4rjestet\u00e4\u00e4n t\u00e4n\u00e4kin vuonna yhteistilaisuutena. Muistomerkki sijaitsee Hiekkaharjussa Urheilutien varrella Tikkurilan lukion v\u00e4litt\u00f6m\u00e4ss\u00e4 l\u00e4heisyydess\u00e4.                                                               <\/p>\n<div id=\"attachment_4212\" style=\"width: 235px\" class=\"wp-caption alignright\"><a href=\"https:\/\/www.asukkaidenvantaa.fi\/?attachment_id=4212\" rel=\"attachment wp-att-4212\"><img loading=\"lazy\" decoding=\"async\" aria-describedby=\"caption-attachment-4212\" src=\"https:\/\/www.asukkaidenvantaa.fi\/wp-content\/uploads\/\/sites\/31\/2018\/04\/Antti-Lindtman-1.jpg\" alt=\"\" width=\"225\" height=\"225\" class=\"size-full wp-image-4212\" \/><\/a><p id=\"caption-attachment-4212\" class=\"wp-caption-text\">Vappuna 2018 Hiekkaharjun punaisten muistomerkill\u00e4 puhuu Vantaan kaupunginvaltuuston puheenjohtaja Antti Lindtman.<\/p><\/div>\n<p>Tilaisuus muistomerkill\u00e4 1.5.2015 klo 9.00 (kokoontuminen Kauratiell\u00e4<br \/>\nn.15 minuuttia aikaisemmin).<\/p>\n<p>Tilaisuudessa puhuu Vantaan valtuuston puheenjohtaja Antti Lindtman.<br \/>\nMusiikista vastaa Lumon puhaltajat, johtajana Janne Vihavainen.<br \/>\nLis\u00e4ksi esiintyv\u00e4t Tikkurilan Kis\u00e4llit ja<br \/>\nTy\u00f6l\u00e4islaulajien kuoro johtajana Reino Beckstr\u00f6m.<\/p>\n<p>J\u00e4rjest\u00f6jen edustajien toivotaan saapuvan paikalle runsaslukuisina mahdollisten j\u00e4rjest\u00f6jen lippujen kera.<\/p>\n<p>Tilaisuuden j\u00e4rjest\u00e4v\u00e4t:<\/p>\n<p>Vantaan Sosialidemokraattinen Kunnallisj\u00e4rjest\u00f6 ry<br \/>\nVantaan Vasemmistoliitto ry<br \/>\nKommunistinen Ty\u00f6v\u00e4enpuolue &#8211; Rauhan ja Sosialismin puolesta rp.<br \/>\nSuomen kommunistisen puolueen Vantaan kaupunkij\u00e4rjest\u00f6 ry<\/p>\n","protected":false},"excerpt":{"rendered":"<p>Vantaalaiset ty\u00f6v\u00e4enj\u00e4rjest\u00f6t aloittavat vappup\u00e4iv\u00e4n vieton vierailemalla punaisten muistomerkill\u00e4 Hiekkaharjussa. T\u00e4n\u00e4 vuonna luokkasodan tapahtumat t\u00e4ytt\u00e4v\u00e4t 100 vuotta. Vantaalaiset toivotetaan laajemminkin tervetulleiksi kunnioittamaan luokkasodan uhreja ja muistelemaan sadan vuoden takaisia tapahtumia my\u00f6s Tikkurilan seudulla. 1.5. VAPPUAAMUN MUISTOTILAISUUS vakaumuksensa puolesta kaatuneiden muistomerkill\u00e4 Vappuaamun muistotilaisuus vakaumuksensa puolesta kaatuneiden muistomerkill\u00e4 j\u00e4rjestet\u00e4\u00e4n t\u00e4n\u00e4kin vuonna yhteistilaisuutena. Muistomerkki sijaitsee Hiekkaharjussa Urheilutien varrella Tikkurilan&hellip;<\/p>\n<p class=\"more-link-p\"><a class=\"more-link\" href=\"https:\/\/www.asukkaidenvantaa.fi\/?p=4208\">Lue lis\u00e4\u00e4 \u2192<\/a><\/p>\n","protected":false},"author":5003,"featured_media":0,"comment_status":"closed","ping_status":"closed","sticky":false,"template":"","format":"standard","meta":{"footnotes":""},"categories":[355],"tags":[],"class_list":["post-4208","post","type-post","status-publish","format-standard","hentry","category-ajankohtaisia"],"_links":{"self":[{"href":"https:\/\/www.asukkaidenvantaa.fi\/index.php?rest_route=\/wp\/v2\/posts\/4208","targetHints":{"allow":["GET"]}}],"collection":[{"href":"https:\/\/www.asukkaidenvantaa.fi\/index.php?rest_route=\/wp\/v2\/posts"}],"about":[{"href":"https:\/\/www.asukkaidenvantaa.fi\/index.php?rest_route=\/wp\/v2\/types\/post"}],"author":[{"embeddable":true,"href":"https:\/\/www.asukkaidenvantaa.fi\/index.php?rest_route=\/wp\/v2\/users\/5003"}],"replies":[{"embeddable":true,"href":"https:\/\/www.asukkaidenvantaa.fi\/index.php?rest_route=%2Fwp%2Fv2%2Fcomments&post=4208"}],"version-history":[{"count":3,"href":"https:\/\/www.asukkaidenvantaa.fi\/index.php?rest_route=\/wp\/v2\/posts\/4208\/revisions"}],"predecessor-version":[{"id":4214,"href":"https:\/\/www.asukkaidenvantaa.fi\/index.php?rest_route=\/wp\/v2\/posts\/4208\/revisions\/4214"}],"wp:attachment":[{"href":"https:\/\/www.asukkaidenvantaa.fi\/index.php?rest_route=%2Fwp%2Fv2%2Fmedia&parent=4208"}],"wp:term":[{"taxonomy":"category","embeddable":true,"href":"https:\/\/www.asukkaidenvantaa.fi\/index.php?rest_route=%2Fwp%2Fv2%2Fcategories&post=4208"},{"taxonomy":"post_tag","embeddable":true,"href":"https:\/\/www.asukkaidenvantaa.fi\/index.php?rest_route=%2Fwp%2Fv2%2Ftags&post=4208"}],"curies":[{"name":"wp","href":"https:\/\/api.w.org\/{rel}","templated":true}]}}