{"id":4204,"date":"2018-03-21T09:18:36","date_gmt":"2018-03-21T09:18:36","guid":{"rendered":"https:\/\/www.asukkaidenvantaa.fi\/?p=4204"},"modified":"2018-03-21T09:18:36","modified_gmt":"2018-03-21T09:18:36","slug":"milta-krimilla-naytti","status":"publish","type":"post","link":"https:\/\/www.asukkaidenvantaa.fi\/?p=4204","title":{"rendered":"Milt\u00e4 Krimill\u00e4 n\u00e4ytti?"},"content":{"rendered":"<p>Toimittaja Marja-Liisa Siira palasi juuri Krimilt\u00e4. Saamme h\u00e4nelt\u00e4 tuoreeltaan vaikutelmia Vantaan Rauhanklubiin ma 26.3.2018 klo 18.<br \/>\nToimittaja Marja-Liisa Siira on seurannut Ukrainan konfliktia laajemminkin Ukrainan vallankaappauksen ja Krimin valtauksen valtauksen j\u00e4lkeen. Nyt on taas tilaisuus saada tuoretta raporttia Rauhanklubissa silminn\u00e4kij\u00e4n omakohtaisista havainnoista. Kannattaa tulla kuulolle ja keskustelemaan sek\u00e4 esitt\u00e4m\u00e4\u00e4n kysymyksi\u00e4.<br \/>\n<div id=\"attachment_4205\" style=\"width: 512px\" class=\"wp-caption alignright\"><a href=\"https:\/\/www.asukkaidenvantaa.fi\/?attachment_id=4205\" rel=\"attachment wp-att-4205\"><img loading=\"lazy\" decoding=\"async\" aria-describedby=\"caption-attachment-4205\" src=\"https:\/\/www.asukkaidenvantaa.fi\/wp-content\/uploads\/\/sites\/31\/2018\/03\/Rauhanklubi-26.3.-18-e1521623755736.jpg\" alt=\"\" width=\"502\" height=\"700\" class=\"size-full wp-image-4205\" \/><\/a><p id=\"caption-attachment-4205\" class=\"wp-caption-text\">Juuri Krimilt\u00e4 palannut toimittaja Marja-Liisa Siira kertoo tuoreista kokemuksistaan Krimill\u00e4 ja laajemminkin Ukrainan tilanteesta.<\/p><\/div>  <\/p>\n","protected":false},"excerpt":{"rendered":"<p>Toimittaja Marja-Liisa Siira palasi juuri Krimilt\u00e4. Saamme h\u00e4nelt\u00e4 tuoreeltaan vaikutelmia Vantaan Rauhanklubiin ma 26.3.2018 klo 18. Toimittaja Marja-Liisa Siira on seurannut Ukrainan konfliktia laajemminkin Ukrainan vallankaappauksen ja Krimin valtauksen valtauksen j\u00e4lkeen. Nyt on taas tilaisuus saada tuoretta raporttia Rauhanklubissa silminn\u00e4kij\u00e4n omakohtaisista havainnoista. Kannattaa tulla kuulolle ja keskustelemaan sek\u00e4 esitt\u00e4m\u00e4\u00e4n kysymyksi\u00e4.<\/p>\n<p class=\"more-link-p\"><a class=\"more-link\" href=\"https:\/\/www.asukkaidenvantaa.fi\/?p=4204\">Lue lis\u00e4\u00e4 \u2192<\/a><\/p>\n","protected":false},"author":5003,"featured_media":0,"comment_status":"closed","ping_status":"closed","sticky":false,"template":"","format":"standard","meta":{"footnotes":""},"categories":[1],"tags":[],"class_list":["post-4204","post","type-post","status-publish","format-standard","hentry","category-uncategorized"],"_links":{"self":[{"href":"https:\/\/www.asukkaidenvantaa.fi\/index.php?rest_route=\/wp\/v2\/posts\/4204","targetHints":{"allow":["GET"]}}],"collection":[{"href":"https:\/\/www.asukkaidenvantaa.fi\/index.php?rest_route=\/wp\/v2\/posts"}],"about":[{"href":"https:\/\/www.asukkaidenvantaa.fi\/index.php?rest_route=\/wp\/v2\/types\/post"}],"author":[{"embeddable":true,"href":"https:\/\/www.asukkaidenvantaa.fi\/index.php?rest_route=\/wp\/v2\/users\/5003"}],"replies":[{"embeddable":true,"href":"https:\/\/www.asukkaidenvantaa.fi\/index.php?rest_route=%2Fwp%2Fv2%2Fcomments&post=4204"}],"version-history":[{"count":1,"href":"https:\/\/www.asukkaidenvantaa.fi\/index.php?rest_route=\/wp\/v2\/posts\/4204\/revisions"}],"predecessor-version":[{"id":4206,"href":"https:\/\/www.asukkaidenvantaa.fi\/index.php?rest_route=\/wp\/v2\/posts\/4204\/revisions\/4206"}],"wp:attachment":[{"href":"https:\/\/www.asukkaidenvantaa.fi\/index.php?rest_route=%2Fwp%2Fv2%2Fmedia&parent=4204"}],"wp:term":[{"taxonomy":"category","embeddable":true,"href":"https:\/\/www.asukkaidenvantaa.fi\/index.php?rest_route=%2Fwp%2Fv2%2Fcategories&post=4204"},{"taxonomy":"post_tag","embeddable":true,"href":"https:\/\/www.asukkaidenvantaa.fi\/index.php?rest_route=%2Fwp%2Fv2%2Ftags&post=4204"}],"curies":[{"name":"wp","href":"https:\/\/api.w.org\/{rel}","templated":true}]}}