{"id":4190,"date":"2018-01-25T10:45:35","date_gmt":"2018-01-25T10:45:35","guid":{"rendered":"https:\/\/www.asukkaidenvantaa.fi\/?p=4190"},"modified":"2018-01-25T10:45:35","modified_gmt":"2018-01-25T10:45:35","slug":"100-vuotta-luokkasodan-alkamisesta","status":"publish","type":"post","link":"https:\/\/www.asukkaidenvantaa.fi\/?p=4190","title":{"rendered":"100 vuotta luokkasodan alkamisesta"},"content":{"rendered":"<p>27.1.2018 tulee kuluneeksi 100 vuotta luokkasodan alkamisesta.<\/p>\n<p>Luokkasodassa menehtyneit\u00e4 punaisia muistetaan ja kunnioitetaan monin tilaisuuksin punaisten muistomerkeill\u00e4.<\/p>\n<p>My\u00f6s Vantaalla kokoonnutaan Hiekkaharjun punaisten muistomerkille luokkasodan alkamisen 100-vuotis p\u00e4iv\u00e4n\u00e4 27.1. klo 14.<\/p>\n<p>Muistomerkki sijaitsee Urheilutien varrella, vastap\u00e4\u00e4t\u00e4 Hiekkaharjun urheilukentt\u00e4\u00e4.<br \/>\n<div id=\"attachment_4191\" style=\"width: 810px\" class=\"wp-caption aligncenter\"><a href=\"https:\/\/www.asukkaidenvantaa.fi\/?attachment_id=4191\" rel=\"attachment wp-att-4191\"><img loading=\"lazy\" decoding=\"async\" aria-describedby=\"caption-attachment-4191\" src=\"https:\/\/www.asukkaidenvantaa.fi\/wp-content\/uploads\/\/sites\/31\/2018\/01\/Vappu-2014-3-e1516876834691.jpg\" alt=\"\" width=\"800\" height=\"600\" class=\"size-full wp-image-4191\" \/><\/a><p id=\"caption-attachment-4191\" class=\"wp-caption-text\">Lauantaina 27.1. klo 14 kokoonnutaan luokkasodassa menehtuneiden tovereiden muistomerkille Vantaan Hiekkaharjuun. Luokkasodan alkamisesta tulee kuneeksi 100 vuotta.<\/p><\/div>\n<p>Lauantaina 27.1.2018 klo 14 kunniotetaan luokkasodassa menehtyneit\u00e4 tovereita Hiekkaharjun punaisten muistomerkill\u00e4. Luokkasodan alkamisesta tulee silloin kuluneeksi 100 vuotta.<\/p>\n","protected":false},"excerpt":{"rendered":"<p>27.1.2018 tulee kuluneeksi 100 vuotta luokkasodan alkamisesta. Luokkasodassa menehtyneit\u00e4 punaisia muistetaan ja kunnioitetaan monin tilaisuuksin punaisten muistomerkeill\u00e4. My\u00f6s Vantaalla kokoonnutaan Hiekkaharjun punaisten muistomerkille luokkasodan alkamisen 100-vuotis p\u00e4iv\u00e4n\u00e4 27.1. klo 14. Muistomerkki sijaitsee Urheilutien varrella, vastap\u00e4\u00e4t\u00e4 Hiekkaharjun urheilukentt\u00e4\u00e4. Lauantaina 27.1.2018 klo 14 kunniotetaan luokkasodassa menehtyneit\u00e4 tovereita Hiekkaharjun punaisten muistomerkill\u00e4. Luokkasodan alkamisesta tulee silloin kuluneeksi 100 vuotta.<\/p>\n<p class=\"more-link-p\"><a class=\"more-link\" href=\"https:\/\/www.asukkaidenvantaa.fi\/?p=4190\">Lue lis\u00e4\u00e4 \u2192<\/a><\/p>\n","protected":false},"author":5003,"featured_media":0,"comment_status":"closed","ping_status":"closed","sticky":false,"template":"","format":"standard","meta":{"footnotes":""},"categories":[1],"tags":[],"class_list":["post-4190","post","type-post","status-publish","format-standard","hentry","category-uncategorized"],"_links":{"self":[{"href":"https:\/\/www.asukkaidenvantaa.fi\/index.php?rest_route=\/wp\/v2\/posts\/4190","targetHints":{"allow":["GET"]}}],"collection":[{"href":"https:\/\/www.asukkaidenvantaa.fi\/index.php?rest_route=\/wp\/v2\/posts"}],"about":[{"href":"https:\/\/www.asukkaidenvantaa.fi\/index.php?rest_route=\/wp\/v2\/types\/post"}],"author":[{"embeddable":true,"href":"https:\/\/www.asukkaidenvantaa.fi\/index.php?rest_route=\/wp\/v2\/users\/5003"}],"replies":[{"embeddable":true,"href":"https:\/\/www.asukkaidenvantaa.fi\/index.php?rest_route=%2Fwp%2Fv2%2Fcomments&post=4190"}],"version-history":[{"count":2,"href":"https:\/\/www.asukkaidenvantaa.fi\/index.php?rest_route=\/wp\/v2\/posts\/4190\/revisions"}],"predecessor-version":[{"id":4193,"href":"https:\/\/www.asukkaidenvantaa.fi\/index.php?rest_route=\/wp\/v2\/posts\/4190\/revisions\/4193"}],"wp:attachment":[{"href":"https:\/\/www.asukkaidenvantaa.fi\/index.php?rest_route=%2Fwp%2Fv2%2Fmedia&parent=4190"}],"wp:term":[{"taxonomy":"category","embeddable":true,"href":"https:\/\/www.asukkaidenvantaa.fi\/index.php?rest_route=%2Fwp%2Fv2%2Fcategories&post=4190"},{"taxonomy":"post_tag","embeddable":true,"href":"https:\/\/www.asukkaidenvantaa.fi\/index.php?rest_route=%2Fwp%2Fv2%2Ftags&post=4190"}],"curies":[{"name":"wp","href":"https:\/\/api.w.org\/{rel}","templated":true}]}}