{"id":4168,"date":"2017-11-20T11:14:41","date_gmt":"2017-11-20T11:14:41","guid":{"rendered":"https:\/\/www.asukkaidenvantaa.fi\/?p=4168"},"modified":"2017-11-20T11:14:41","modified_gmt":"2017-11-20T11:14:41","slug":"kummitoimintaa-vantaan-rauhanklubissa","status":"publish","type":"post","link":"https:\/\/www.asukkaidenvantaa.fi\/?p=4168","title":{"rendered":"Kummitoimintaa Vantaan Rauhanklubissa"},"content":{"rendered":"<p><strong>Vantaan Rauhanklubissa ma 27.11. keskustellaan kummitoiminnasta rauhanty\u00f6ss\u00e4 ja avustustoiminnassa<\/strong><br \/>\nVantaan Rauhanpuolustajien piiriss\u00e4 on toiminut jo vuosia kummiryhm\u00e4 joka on ker\u00e4\u00e4mill\u00e4\u00e4n lahjoituksilla mahdollistanut palestiinalaistyt\u00f6n Leen Hosrin erityiskoulun k\u00e4ymisen. Leen ei olisi selviytynyt tavallisessa koulussa, mutta erityistoimin h\u00e4nen varttumisensa ja koulunk\u00e4yntins\u00e4 on sujunut odotetusti.<br \/>\nT\u00e4m\u00e4 on vain yksi esimerkki mit\u00e4 kummitoiminnanlla voidaan tehd\u00e4.<\/p>\n<p>Kerrottakoon Leenist\u00e4 viel\u00e4, ett\u00e4 h\u00e4n kuuluu palestiinalaiseen perheeseen joka on vuosia el\u00e4nyt Libanonissa pakolaisleirill\u00e4.<\/p>\n<p>Vantaalaisilla on ollut erikoisasema kummitoiminnassa j\u00e4senens\u00e4 Sirkku Kivist\u00f6n kautta joka koordinoi Psykologien Sosiaalinen Vastuu j\u00e4rjest\u00f6ss\u00e4 ulkoministeri\u00f6n tukemaa kummitoimintaaa ja t\u00e4ss\u00e4 ominaisuudessa mm. vierailee Libanonissa s\u00e4\u00e4nn\u00f6llisesti. Saamme siis Vantaalle tuoreita terveisi\u00e4 todella usein.<br \/>\n<div id=\"attachment_4169\" style=\"width: 650px\" class=\"wp-caption aligncenter\"><a href=\"https:\/\/www.asukkaidenvantaa.fi\/?attachment_id=4169\" rel=\"attachment wp-att-4169\"><img loading=\"lazy\" decoding=\"async\" aria-describedby=\"caption-attachment-4169\" src=\"https:\/\/www.asukkaidenvantaa.fi\/wp-content\/uploads\/\/sites\/31\/2017\/11\/Kummi-ilta-27.11.17-kuva4.jpeg\" alt=\"\" width=\"640\" height=\"427\" class=\"size-full wp-image-4169\" srcset=\"https:\/\/www.asukkaidenvantaa.fi\/wp-content\/uploads\/sites\/31\/2017\/11\/Kummi-ilta-27.11.17-kuva4.jpeg 640w, https:\/\/www.asukkaidenvantaa.fi\/wp-content\/uploads\/sites\/31\/2017\/11\/Kummi-ilta-27.11.17-kuva4-300x200.jpeg 300w, https:\/\/www.asukkaidenvantaa.fi\/wp-content\/uploads\/sites\/31\/2017\/11\/Kummi-ilta-27.11.17-kuva4-560x374.jpeg 560w, https:\/\/www.asukkaidenvantaa.fi\/wp-content\/uploads\/sites\/31\/2017\/11\/Kummi-ilta-27.11.17-kuva4-260x173.jpeg 260w, https:\/\/www.asukkaidenvantaa.fi\/wp-content\/uploads\/sites\/31\/2017\/11\/Kummi-ilta-27.11.17-kuva4-160x107.jpeg 160w\" sizes=\"auto, (max-width: 640px) 100vw, 640px\" \/><\/a><p id=\"caption-attachment-4169\" class=\"wp-caption-text\">Vantaan Rauhanpuolustajien kummitytt\u00f6 Leen poseeraa Sirkku Kivist\u00f6n kanssa \u00e4skett\u00e4isell\u00e4 Libanonin matkalla.<\/p><\/div>\nVantaan Rauhanpuolustajat toivottavat kaikki kummitoiminnasta kiinnostuneet kuulemaan kummitoiminnan asiantuntijoita ja rohkaistumaan mukaan kummitoimintaan. Yhteistoiminnalla pystymme jo pieninkin taloudellisin uhrauksin auttamaan tarpeessa olevia.<br \/>\n<div id=\"attachment_4171\" style=\"width: 650px\" class=\"wp-caption aligncenter\"><a href=\"https:\/\/www.asukkaidenvantaa.fi\/?attachment_id=4171\" rel=\"attachment wp-att-4171\"><img loading=\"lazy\" decoding=\"async\" aria-describedby=\"caption-attachment-4171\" src=\"https:\/\/www.asukkaidenvantaa.fi\/wp-content\/uploads\/\/sites\/31\/2017\/11\/Kummi-ilta-27.11.17-kuva1.jpeg\" alt=\"\" width=\"640\" height=\"427\" class=\"size-full wp-image-4171\" \/><\/a><p id=\"caption-attachment-4171\" class=\"wp-caption-text\">Vantaan Rauhanpuolustajien kummi-illassa on tarjolla maistiaisia L\u00e4hi-Id\u00e4st\u00e4.<\/p><\/div>\n<div id=\"attachment_4173\" style=\"width: 517px\" class=\"wp-caption aligncenter\"><a href=\"https:\/\/www.asukkaidenvantaa.fi\/?attachment_id=4173\" rel=\"attachment wp-att-4173\"><img loading=\"lazy\" decoding=\"async\" aria-describedby=\"caption-attachment-4173\" src=\"https:\/\/www.asukkaidenvantaa.fi\/wp-content\/uploads\/\/sites\/31\/2017\/11\/Rauhanklubi-27.11.-2017-pien.jpg\" alt=\"\" width=\"507\" height=\"700\" class=\"size-full wp-image-4173\" srcset=\"https:\/\/www.asukkaidenvantaa.fi\/wp-content\/uploads\/sites\/31\/2017\/11\/Rauhanklubi-27.11.-2017-pien.jpg 507w, https:\/\/www.asukkaidenvantaa.fi\/wp-content\/uploads\/sites\/31\/2017\/11\/Rauhanklubi-27.11.-2017-pien-217x300.jpg 217w, https:\/\/www.asukkaidenvantaa.fi\/wp-content\/uploads\/sites\/31\/2017\/11\/Rauhanklubi-27.11.-2017-pien-260x359.jpg 260w, https:\/\/www.asukkaidenvantaa.fi\/wp-content\/uploads\/sites\/31\/2017\/11\/Rauhanklubi-27.11.-2017-pien-160x221.jpg 160w\" sizes=\"auto, (max-width: 507px) 100vw, 507px\" \/><\/a><p id=\"caption-attachment-4173\" class=\"wp-caption-text\">Vantaan Rauhanklubin 27.11. mainos<\/p><\/div>\n","protected":false},"excerpt":{"rendered":"<p>Vantaan Rauhanklubissa ma 27.11. keskustellaan kummitoiminnasta rauhanty\u00f6ss\u00e4 ja avustustoiminnassa Vantaan Rauhanpuolustajien piiriss\u00e4 on toiminut jo vuosia kummiryhm\u00e4 joka on ker\u00e4\u00e4mill\u00e4\u00e4n lahjoituksilla mahdollistanut palestiinalaistyt\u00f6n Leen Hosrin erityiskoulun k\u00e4ymisen. Leen ei olisi selviytynyt tavallisessa koulussa, mutta erityistoimin h\u00e4nen varttumisensa ja koulunk\u00e4yntins\u00e4 on sujunut odotetusti. T\u00e4m\u00e4 on vain yksi esimerkki mit\u00e4 kummitoiminnanlla voidaan tehd\u00e4. Kerrottakoon Leenist\u00e4 viel\u00e4, ett\u00e4&hellip;<\/p>\n<p class=\"more-link-p\"><a class=\"more-link\" href=\"https:\/\/www.asukkaidenvantaa.fi\/?p=4168\">Lue lis\u00e4\u00e4 \u2192<\/a><\/p>\n","protected":false},"author":5003,"featured_media":0,"comment_status":"closed","ping_status":"closed","sticky":false,"template":"","format":"standard","meta":{"footnotes":""},"categories":[1],"tags":[],"class_list":["post-4168","post","type-post","status-publish","format-standard","hentry","category-uncategorized"],"_links":{"self":[{"href":"https:\/\/www.asukkaidenvantaa.fi\/index.php?rest_route=\/wp\/v2\/posts\/4168","targetHints":{"allow":["GET"]}}],"collection":[{"href":"https:\/\/www.asukkaidenvantaa.fi\/index.php?rest_route=\/wp\/v2\/posts"}],"about":[{"href":"https:\/\/www.asukkaidenvantaa.fi\/index.php?rest_route=\/wp\/v2\/types\/post"}],"author":[{"embeddable":true,"href":"https:\/\/www.asukkaidenvantaa.fi\/index.php?rest_route=\/wp\/v2\/users\/5003"}],"replies":[{"embeddable":true,"href":"https:\/\/www.asukkaidenvantaa.fi\/index.php?rest_route=%2Fwp%2Fv2%2Fcomments&post=4168"}],"version-history":[{"count":3,"href":"https:\/\/www.asukkaidenvantaa.fi\/index.php?rest_route=\/wp\/v2\/posts\/4168\/revisions"}],"predecessor-version":[{"id":4174,"href":"https:\/\/www.asukkaidenvantaa.fi\/index.php?rest_route=\/wp\/v2\/posts\/4168\/revisions\/4174"}],"wp:attachment":[{"href":"https:\/\/www.asukkaidenvantaa.fi\/index.php?rest_route=%2Fwp%2Fv2%2Fmedia&parent=4168"}],"wp:term":[{"taxonomy":"category","embeddable":true,"href":"https:\/\/www.asukkaidenvantaa.fi\/index.php?rest_route=%2Fwp%2Fv2%2Fcategories&post=4168"},{"taxonomy":"post_tag","embeddable":true,"href":"https:\/\/www.asukkaidenvantaa.fi\/index.php?rest_route=%2Fwp%2Fv2%2Ftags&post=4168"}],"curies":[{"name":"wp","href":"https:\/\/api.w.org\/{rel}","templated":true}]}}