{"id":4149,"date":"2017-11-09T17:37:22","date_gmt":"2017-11-09T17:37:22","guid":{"rendered":"https:\/\/www.asukkaidenvantaa.fi\/?p=4149"},"modified":"2017-11-09T17:37:22","modified_gmt":"2017-11-09T17:37:22","slug":"vantaalaiset-vammaisaktiivit-iloitsevat-ei-myytavana-kansalaisaloitteen-menestyksesta","status":"publish","type":"post","link":"https:\/\/www.asukkaidenvantaa.fi\/?p=4149","title":{"rendered":"Vantaalaiset vammaisaktiivit iloitsevat EI MYYT\u00c4V\u00c4N\u00c4 kansalaisaloitteen menestyksest\u00e4"},"content":{"rendered":"<p><strong>Kansalaisaloite eduskuntaan<\/strong><\/p>\n<p>Kansalaisaloite vammaisten v\u00e4ltt\u00e4m\u00e4tt\u00f6mien palveluiden kilpailuttamisen kielt\u00e4miseksi on jo ker\u00e4nnyt yli 65 000 allekirjoittajaa 9.11. menness\u00e4. Allekirjoitusaika jatkuu 12.12. asti. Parempi mit\u00e4 enemm\u00e4n allekirjoituksia kertyy, painoarvo kasvaa eduskuntak\u00e4sittely\u00e4 ajatellen.<br \/>\nJos et ole viel\u00e4 allekirjoittanut kansalaisaloitetta tee se esim. netiss\u00e4 http:\/\/www.eimyytavana.fi\/kansalaisaloite\/<\/p>\n<p><a href=\"https:\/\/www.asukkaidenvantaa.fi\/?attachment_id=4150\" rel=\"attachment wp-att-4150\"><img loading=\"lazy\" decoding=\"async\" class=\"aligncenter size-full wp-image-4150\" src=\"https:\/\/www.asukkaidenvantaa.fi\/wp-content\/uploads\/\/sites\/31\/2017\/11\/eimyytavana.fi_turkoosi-logo-500x166-e1510213613242.png\" alt=\"\" width=\"400\" height=\"133\" \/><\/a><br \/>\nVammaisten palvelujen kilpailutus tuli mahdolliseksi hankintalain hyv\u00e4ksymisen yhteydess\u00e4 vuonna 2007 johon sis\u00e4llytettiin my\u00f6s vammaisten plvelut. T\u00e4llainen kilpailutus on vastoin YK:n yleissopimusta vammaisten henkil\u00f6iden oikeuksista.<\/p>\n<p>EI MYYT\u00c4V\u00c4N\u00c4 kansalaisaloite vaatii eduskuntaa rajaamaan hankintalain ulkopuolelle vammaisten v\u00e4ltt\u00e4m\u00e4tt\u00f6m\u00e4n huolenpidon ja tuen tarpeista ja tarpeisiin liittyv\u00e4t palvelut asumisessa ja jokap\u00e4iv\u00e4isess\u00e4 el\u00e4m\u00e4ss\u00e4.<\/p>\n<p><strong>Vantaa l\u00e4hd\u00f6ss\u00e4 mukaan kilpailutukseen<\/strong><br \/>\nVantaan terveys- ja sosiaalilautakunta on tehnyt p\u00e4\u00e4t\u00f6ksen mm. vammaisten asumispalvelujen kilpailuttamisesta vuoden 2017 aikana.<\/p>\n<p><strong>Vantaalais aktiivit kehottavat loppukiriin<\/strong><\/p>\n<p>Vantaalaiset vammaisaktiivit Vasemmistoliiton vammaispoliittisen ty\u00f6ryhm\u00e4n puheenjohtaja Elina Nykyri ja Helsingin seudun sairaus- ja tapaturmainvaliidit ry:n puheenjohtaja Juha Kovanen ovat luonnollisesti tyytyv\u00e4isi\u00e4 kansalaisaloitteen menestykseen. Molemmat korostavat, ett\u00e4 loppuun asti on ker\u00e4tt\u00e4v\u00e4 nimi\u00e4 t\u00e4ysill\u00e4 kansalaisaloitteeseen. Ja vaikuttamista eduskuntaryhmiin tulee jatkaa, jotta vammaisten palvelut saadaan inhimilliselle tolalle. Vammaiset eiv\u00e4t ole nettihuutokauppatavaraa.<\/p>\n<div id=\"attachment_4152\" style=\"width: 410px\" class=\"wp-caption alignleft\"><a href=\"https:\/\/www.asukkaidenvantaa.fi\/?attachment_id=4152\" rel=\"attachment wp-att-4152\"><img loading=\"lazy\" decoding=\"async\" aria-describedby=\"caption-attachment-4152\" class=\"size-full wp-image-4152\" src=\"https:\/\/www.asukkaidenvantaa.fi\/wp-content\/uploads\/\/sites\/31\/2017\/11\/elina-lehtijuttu3-e1510213906246.jpg\" alt=\"\" width=\"400\" height=\"401\" \/><\/a><p id=\"caption-attachment-4152\" class=\"wp-caption-text\">Vammaisaktivisti Elina Nykyrin mielest\u00e4 vammaiset eiv\u00e4t ole kaupan.<\/p><\/div>\n<div id=\"attachment_4154\" style=\"width: 410px\" class=\"wp-caption alignright\"><a href=\"https:\/\/www.asukkaidenvantaa.fi\/?attachment_id=4154\" rel=\"attachment wp-att-4154\"><img loading=\"lazy\" decoding=\"async\" aria-describedby=\"caption-attachment-4154\" class=\"size-full wp-image-4154\" src=\"https:\/\/www.asukkaidenvantaa.fi\/wp-content\/uploads\/\/sites\/31\/2017\/11\/10.4.2012-lasit-p\u00e4\u00e4ss\u00e4-e1510248105612.jpg\" alt=\"\" width=\"400\" height=\"520\" \/><\/a><p id=\"caption-attachment-4154\" class=\"wp-caption-text\">Helsingin seudun sairaus- ja tapaturmainvalidien puheenjohtaja Juha Kovanen korostaa, ett\u00e4 perusoikeudet on asetettava markkinoiden edelle.<\/p><\/div>\n<p><strong>Vammaisuus voi kohdata ket\u00e4 hyv\u00e4ns\u00e4<\/strong><br \/>\nSuomessa vammautuu vuosittain huomattava joukko ihmisi\u00e4 tapaturmissa ja eri sairauksien johdosta. Kannattaa muistaa, ett\u00e4 vammaisuus saattaa kohdata ket\u00e4 hyv\u00e4ns\u00e4, koska tahansa.<\/p>\n","protected":false},"excerpt":{"rendered":"<p>Kansalaisaloite eduskuntaan Kansalaisaloite vammaisten v\u00e4ltt\u00e4m\u00e4tt\u00f6mien palveluiden kilpailuttamisen kielt\u00e4miseksi on jo ker\u00e4nnyt yli 65 000 allekirjoittajaa 9.11. menness\u00e4. Allekirjoitusaika jatkuu 12.12. asti. Parempi mit\u00e4 enemm\u00e4n allekirjoituksia kertyy, painoarvo kasvaa eduskuntak\u00e4sittely\u00e4 ajatellen. Jos et ole viel\u00e4 allekirjoittanut kansalaisaloitetta tee se esim. netiss\u00e4 http:\/\/www.eimyytavana.fi\/kansalaisaloite\/ Vammaisten palvelujen kilpailutus tuli mahdolliseksi hankintalain hyv\u00e4ksymisen yhteydess\u00e4 vuonna 2007 johon sis\u00e4llytettiin my\u00f6s vammaisten&hellip;<\/p>\n<p class=\"more-link-p\"><a class=\"more-link\" href=\"https:\/\/www.asukkaidenvantaa.fi\/?p=4149\">Lue lis\u00e4\u00e4 \u2192<\/a><\/p>\n","protected":false},"author":5003,"featured_media":4157,"comment_status":"open","ping_status":"open","sticky":false,"template":"","format":"standard","meta":{"footnotes":""},"categories":[1],"tags":[488,489,490,173],"class_list":["post-4149","post","type-post","status-publish","format-standard","has-post-thumbnail","hentry","category-uncategorized","tag-ei-myytavana","tag-ihmisoikeus","tag-kansalaisaloite","tag-vammainen"],"_links":{"self":[{"href":"https:\/\/www.asukkaidenvantaa.fi\/index.php?rest_route=\/wp\/v2\/posts\/4149","targetHints":{"allow":["GET"]}}],"collection":[{"href":"https:\/\/www.asukkaidenvantaa.fi\/index.php?rest_route=\/wp\/v2\/posts"}],"about":[{"href":"https:\/\/www.asukkaidenvantaa.fi\/index.php?rest_route=\/wp\/v2\/types\/post"}],"author":[{"embeddable":true,"href":"https:\/\/www.asukkaidenvantaa.fi\/index.php?rest_route=\/wp\/v2\/users\/5003"}],"replies":[{"embeddable":true,"href":"https:\/\/www.asukkaidenvantaa.fi\/index.php?rest_route=%2Fwp%2Fv2%2Fcomments&post=4149"}],"version-history":[{"count":5,"href":"https:\/\/www.asukkaidenvantaa.fi\/index.php?rest_route=\/wp\/v2\/posts\/4149\/revisions"}],"predecessor-version":[{"id":4158,"href":"https:\/\/www.asukkaidenvantaa.fi\/index.php?rest_route=\/wp\/v2\/posts\/4149\/revisions\/4158"}],"wp:featuredmedia":[{"embeddable":true,"href":"https:\/\/www.asukkaidenvantaa.fi\/index.php?rest_route=\/wp\/v2\/media\/4157"}],"wp:attachment":[{"href":"https:\/\/www.asukkaidenvantaa.fi\/index.php?rest_route=%2Fwp%2Fv2%2Fmedia&parent=4149"}],"wp:term":[{"taxonomy":"category","embeddable":true,"href":"https:\/\/www.asukkaidenvantaa.fi\/index.php?rest_route=%2Fwp%2Fv2%2Fcategories&post=4149"},{"taxonomy":"post_tag","embeddable":true,"href":"https:\/\/www.asukkaidenvantaa.fi\/index.php?rest_route=%2Fwp%2Fv2%2Ftags&post=4149"}],"curies":[{"name":"wp","href":"https:\/\/api.w.org\/{rel}","templated":true}]}}