{"id":4142,"date":"2017-11-06T17:32:45","date_gmt":"2017-11-06T17:32:45","guid":{"rendered":"https:\/\/www.asukkaidenvantaa.fi\/?p=4142"},"modified":"2017-11-06T17:32:45","modified_gmt":"2017-11-06T17:32:45","slug":"vantaan-kommunistit-vaativat-kuuden-tunnin-tyopaivaa","status":"publish","type":"post","link":"https:\/\/www.asukkaidenvantaa.fi\/?p=4142","title":{"rendered":"Vantaan kommunistit vaativat kuuden tunnin ty\u00f6p\u00e4iv\u00e4\u00e4"},"content":{"rendered":"<p><strong>Vantaan kommunistit olivat Myyrm\u00e4en markkinoilla vaatimuksella: Kuuden tunnin ty\u00f6p\u00e4iv\u00e4 on mahdollinen ja v\u00e4ltt\u00e4m\u00e4t\u00f6n.<\/strong><br \/>\n<a href=\"https:\/\/www.asukkaidenvantaa.fi\/?attachment_id=4143\" rel=\"attachment wp-att-4143\"><img loading=\"lazy\" decoding=\"async\" src=\"https:\/\/www.asukkaidenvantaa.fi\/wp-content\/uploads\/\/sites\/31\/2017\/11\/Myyrm\u00e4en-markkinat-1-2-e1509988718656.jpg\" alt=\"\" width=\"431\" height=\"600\" class=\"alignleft size-full wp-image-4143\" \/><\/a><br \/>\nRobotisaation lis\u00e4\u00e4ntyminen teko\u00e4lyn ottaminen k\u00e4ytt\u00f6\u00f6n yh\u00e4 useammissa teht\u00e4viss\u00e4 v\u00e4hent\u00e4\u00e4 perinteisi\u00e4 ty\u00f6paikkoja. Eik\u00e4 uusi tekniikka luo samaa m\u00e4\u00e4r\u00e4\u00e4 uusia ty\u00f6paikkoja. Ty\u00f6t\u00e4 on alettava jakaa uudelleen. Ty\u00f6ajan lyhent\u00e4miseen olisi syyt\u00e4 ryhty\u00e4 ajoissa ennenkuin yhteiskunta t\u00f6rm\u00e4\u00e4 ongelmiin.<\/p>\n<div id=\"attachment_4145\" style=\"width: 610px\" class=\"wp-caption aligncenter\"><a href=\"https:\/\/www.asukkaidenvantaa.fi\/?attachment_id=4145\" rel=\"attachment wp-att-4145\"><img loading=\"lazy\" decoding=\"async\" aria-describedby=\"caption-attachment-4145\" src=\"https:\/\/www.asukkaidenvantaa.fi\/wp-content\/uploads\/\/sites\/31\/2017\/11\/Paalutorilla-4.11.2017-e1509989122451.jpg\" alt=\"\" width=\"600\" height=\"333\" class=\"size-full wp-image-4145\" \/><\/a><p id=\"caption-attachment-4145\" class=\"wp-caption-text\">Vantaan kommunistit Myyrm\u00e4en markkinoilla 4.11. &#8221;kioskissaan&#8221;. T\u00e4ll\u00e4 kertaa nostettiin keskusteluun ty\u00f6ajan lyhennys ja v\u00e4ltt\u00e4m\u00e4tt\u00f6myys siirty\u00e4 kuuden tunnin ty\u00f6p\u00e4iv\u00e4\u00e4n. Myynniss\u00e4 oli mm. Karl Mrxin p\u00e4\u00e4teoksen P\u00e4\u00e4oman uusi kolmiosainen suomennos. Jo Marx aikoinaan n\u00e4ki kapitalismin kriisin nykyisen kaltaisen p\u00e4\u00e4omien kasautumisen seurauksena.<\/p><\/div>\n","protected":false},"excerpt":{"rendered":"<p>Vantaan kommunistit olivat Myyrm\u00e4en markkinoilla vaatimuksella: Kuuden tunnin ty\u00f6p\u00e4iv\u00e4 on mahdollinen ja v\u00e4ltt\u00e4m\u00e4t\u00f6n. Robotisaation lis\u00e4\u00e4ntyminen teko\u00e4lyn ottaminen k\u00e4ytt\u00f6\u00f6n yh\u00e4 useammissa teht\u00e4viss\u00e4 v\u00e4hent\u00e4\u00e4 perinteisi\u00e4 ty\u00f6paikkoja. Eik\u00e4 uusi tekniikka luo samaa m\u00e4\u00e4r\u00e4\u00e4 uusia ty\u00f6paikkoja. Ty\u00f6t\u00e4 on alettava jakaa uudelleen. Ty\u00f6ajan lyhent\u00e4miseen olisi syyt\u00e4 ryhty\u00e4 ajoissa ennenkuin yhteiskunta t\u00f6rm\u00e4\u00e4 ongelmiin.<\/p>\n<p class=\"more-link-p\"><a class=\"more-link\" href=\"https:\/\/www.asukkaidenvantaa.fi\/?p=4142\">Lue lis\u00e4\u00e4 \u2192<\/a><\/p>\n","protected":false},"author":5003,"featured_media":0,"comment_status":"open","ping_status":"open","sticky":false,"template":"","format":"standard","meta":{"footnotes":""},"categories":[1],"tags":[],"class_list":["post-4142","post","type-post","status-publish","format-standard","hentry","category-uncategorized"],"_links":{"self":[{"href":"https:\/\/www.asukkaidenvantaa.fi\/index.php?rest_route=\/wp\/v2\/posts\/4142","targetHints":{"allow":["GET"]}}],"collection":[{"href":"https:\/\/www.asukkaidenvantaa.fi\/index.php?rest_route=\/wp\/v2\/posts"}],"about":[{"href":"https:\/\/www.asukkaidenvantaa.fi\/index.php?rest_route=\/wp\/v2\/types\/post"}],"author":[{"embeddable":true,"href":"https:\/\/www.asukkaidenvantaa.fi\/index.php?rest_route=\/wp\/v2\/users\/5003"}],"replies":[{"embeddable":true,"href":"https:\/\/www.asukkaidenvantaa.fi\/index.php?rest_route=%2Fwp%2Fv2%2Fcomments&post=4142"}],"version-history":[{"count":3,"href":"https:\/\/www.asukkaidenvantaa.fi\/index.php?rest_route=\/wp\/v2\/posts\/4142\/revisions"}],"predecessor-version":[{"id":4147,"href":"https:\/\/www.asukkaidenvantaa.fi\/index.php?rest_route=\/wp\/v2\/posts\/4142\/revisions\/4147"}],"wp:attachment":[{"href":"https:\/\/www.asukkaidenvantaa.fi\/index.php?rest_route=%2Fwp%2Fv2%2Fmedia&parent=4142"}],"wp:term":[{"taxonomy":"category","embeddable":true,"href":"https:\/\/www.asukkaidenvantaa.fi\/index.php?rest_route=%2Fwp%2Fv2%2Fcategories&post=4142"},{"taxonomy":"post_tag","embeddable":true,"href":"https:\/\/www.asukkaidenvantaa.fi\/index.php?rest_route=%2Fwp%2Fv2%2Ftags&post=4142"}],"curies":[{"name":"wp","href":"https:\/\/api.w.org\/{rel}","templated":true}]}}