{"id":4091,"date":"2017-07-03T07:27:35","date_gmt":"2017-07-03T07:27:35","guid":{"rendered":"http:\/\/www.asukkaidenvantaa.fi\/?p=4091"},"modified":"2017-07-03T07:27:35","modified_gmt":"2017-07-03T07:27:35","slug":"perinteisesti-rauhan-asialla","status":"publish","type":"post","link":"https:\/\/www.asukkaidenvantaa.fi\/?p=4091","title":{"rendered":"Perinteisesti rauhan asialla"},"content":{"rendered":"<p><strong>Vantaan Rauhanpuolustajat j\u00e4rjest\u00e4\u00e4 perinteisen rauhantilaisuuden Veinin myllyll\u00e4 6.8.<\/strong><\/p>\n<p><a href=\"http:\/\/www.asukkaidenvantaa.fi\/?attachment_id=4097\" rel=\"attachment wp-att-4097\"><img loading=\"lazy\" decoding=\"async\" class=\"aligncenter size-full wp-image-4097\" src=\"http:\/\/www.asukkaidenvantaa.fi\/wp-content\/uploads\/\/sites\/31\/2017\/07\/Hiroshima-tilaisuus-2017-pienennetty-2.jpg\" alt=\"\" width=\"1000\" height=\"1300\" srcset=\"https:\/\/www.asukkaidenvantaa.fi\/wp-content\/uploads\/sites\/31\/2017\/07\/Hiroshima-tilaisuus-2017-pienennetty-2.jpg 1000w, https:\/\/www.asukkaidenvantaa.fi\/wp-content\/uploads\/sites\/31\/2017\/07\/Hiroshima-tilaisuus-2017-pienennetty-2-231x300.jpg 231w, https:\/\/www.asukkaidenvantaa.fi\/wp-content\/uploads\/sites\/31\/2017\/07\/Hiroshima-tilaisuus-2017-pienennetty-2-768x998.jpg 768w, https:\/\/www.asukkaidenvantaa.fi\/wp-content\/uploads\/sites\/31\/2017\/07\/Hiroshima-tilaisuus-2017-pienennetty-2-788x1024.jpg 788w, https:\/\/www.asukkaidenvantaa.fi\/wp-content\/uploads\/sites\/31\/2017\/07\/Hiroshima-tilaisuus-2017-pienennetty-2-560x728.jpg 560w, https:\/\/www.asukkaidenvantaa.fi\/wp-content\/uploads\/sites\/31\/2017\/07\/Hiroshima-tilaisuus-2017-pienennetty-2-260x338.jpg 260w, https:\/\/www.asukkaidenvantaa.fi\/wp-content\/uploads\/sites\/31\/2017\/07\/Hiroshima-tilaisuus-2017-pienennetty-2-160x208.jpg 160w\" sizes=\"auto, (max-width: 1000px) 100vw, 1000px\" \/><\/a><\/p>\n<p>&nbsp;<\/p>\n","protected":false},"excerpt":{"rendered":"<p>Vantaan Rauhanpuolustajat j\u00e4rjest\u00e4\u00e4 perinteisen rauhantilaisuuden Veinin myllyll\u00e4 6.8. &nbsp;<\/p>\n<p class=\"more-link-p\"><a class=\"more-link\" href=\"https:\/\/www.asukkaidenvantaa.fi\/?p=4091\">Lue lis\u00e4\u00e4 \u2192<\/a><\/p>\n","protected":false},"author":5003,"featured_media":0,"comment_status":"open","ping_status":"open","sticky":false,"template":"","format":"standard","meta":{"footnotes":""},"categories":[1],"tags":[],"class_list":["post-4091","post","type-post","status-publish","format-standard","hentry","category-uncategorized"],"_links":{"self":[{"href":"https:\/\/www.asukkaidenvantaa.fi\/index.php?rest_route=\/wp\/v2\/posts\/4091","targetHints":{"allow":["GET"]}}],"collection":[{"href":"https:\/\/www.asukkaidenvantaa.fi\/index.php?rest_route=\/wp\/v2\/posts"}],"about":[{"href":"https:\/\/www.asukkaidenvantaa.fi\/index.php?rest_route=\/wp\/v2\/types\/post"}],"author":[{"embeddable":true,"href":"https:\/\/www.asukkaidenvantaa.fi\/index.php?rest_route=\/wp\/v2\/users\/5003"}],"replies":[{"embeddable":true,"href":"https:\/\/www.asukkaidenvantaa.fi\/index.php?rest_route=%2Fwp%2Fv2%2Fcomments&post=4091"}],"version-history":[{"count":3,"href":"https:\/\/www.asukkaidenvantaa.fi\/index.php?rest_route=\/wp\/v2\/posts\/4091\/revisions"}],"predecessor-version":[{"id":4098,"href":"https:\/\/www.asukkaidenvantaa.fi\/index.php?rest_route=\/wp\/v2\/posts\/4091\/revisions\/4098"}],"wp:attachment":[{"href":"https:\/\/www.asukkaidenvantaa.fi\/index.php?rest_route=%2Fwp%2Fv2%2Fmedia&parent=4091"}],"wp:term":[{"taxonomy":"category","embeddable":true,"href":"https:\/\/www.asukkaidenvantaa.fi\/index.php?rest_route=%2Fwp%2Fv2%2Fcategories&post=4091"},{"taxonomy":"post_tag","embeddable":true,"href":"https:\/\/www.asukkaidenvantaa.fi\/index.php?rest_route=%2Fwp%2Fv2%2Ftags&post=4091"}],"curies":[{"name":"wp","href":"https:\/\/api.w.org\/{rel}","templated":true}]}}