{"id":4075,"date":"2017-04-19T16:45:22","date_gmt":"2017-04-19T16:45:22","guid":{"rendered":"http:\/\/www.asukkaidenvantaa.fi\/?p=4075"},"modified":"2017-04-19T16:45:22","modified_gmt":"2017-04-19T16:45:22","slug":"maakunta-ja-soteuudistusta-valmistellaan-taytta-hakaa","status":"publish","type":"post","link":"https:\/\/www.asukkaidenvantaa.fi\/?p=4075","title":{"rendered":"Maakunta- ja soteuudistusta valmistellaan t\u00e4ytt\u00e4 h\u00e4k\u00e4\u00e4"},"content":{"rendered":"<p><strong>Uudenmaan liiton hallitus valitsi jo viime marraskuussa maakunta- ja soteuudistuksen valmistelijat.<\/strong><\/p>\n<p>Eip\u00e4 ole n\u00e4kynyt mit\u00e4\u00e4n julkista hakua n\u00e4ihin eritt\u00e4in t\u00e4rkeisiin teht\u00e4viin. Kuinka ollakaan uudenmaan liiton hallitus l\u00f6ysi kohdennetulla haulla teht\u00e4viin mielest\u00e4\u00e4n p\u00e4tev\u00e4t henkil\u00f6t. P\u00e4\u00e4tt\u00e4m\u00e4ss\u00e4 oli my\u00f6s kaksi vantaalaista poliitikkoa <strong>Jari Sainio<\/strong> sd ja <strong>Timo Juurikkala<\/strong> vihr.<\/p>\n<p>Olisipa ollut hienoa n\u00e4hd\u00e4 Hesarissa ty\u00f6nhakuilmoitus: Etsimme paria intohohimoista tekij\u00e4\u00e4, toista demokraattisen maakuntauudistuksen tekij\u00e4ksi ja toista, julkista terveydenhoitoa arvostavaa sote uudistuksen arkkitehdiksi.<\/p>\n<p>Eip\u00e4 n\u00e4kynyt, ei.<\/p>\n<p>Maakuntauudistusta kokonaisuutena johtaa <strong>Markus Sovala <\/strong>valtiovarainministeri\u00f6n virkamies. &#8221;Olen innostunut, kun p\u00e4\u00e4sen tekem\u00e4\u00e4n jotain konkreettista&#8221; sanoo Sovala.<\/p>\n<p>Mit\u00e4h\u00e4n h\u00e4n t\u00e4h\u00e4n asti on tehnyt?<\/p>\n<p>Sote-uudistuksen vetovastuu on Vantaan vammais- ja vanhuspalvelujen johtaja <strong>Timo Aronkyd\u00f6ll\u00e4<\/strong>.<\/p>\n<div id=\"attachment_4079\" style=\"width: 285px\" class=\"wp-caption alignleft\"><a href=\"http:\/\/www.asukkaidenvantaa.fi\/?attachment_id=4079\" rel=\"attachment wp-att-4079\"><img loading=\"lazy\" decoding=\"async\" aria-describedby=\"caption-attachment-4079\" class=\"size-full wp-image-4079\" src=\"http:\/\/www.asukkaidenvantaa.fi\/wp-content\/uploads\/\/sites\/31\/2017\/04\/Sovala-ja-Aronkyt\u00f6.jpg\" alt=\"\" width=\"275\" height=\"183\" \/><\/a><p id=\"caption-attachment-4079\" class=\"wp-caption-text\">Maakunta- ja sote-uudiskuksen vet\u00e4j\u00e4t Uudellamaalla. Vasemmalla sote-vastaava Timo Aronkyt\u00f6 ja oikella maakunta-vastaava Markus Sovala.<\/p><\/div>\n<p>Timo Aronkyt\u00f6 muistetaan aikaisemmin vantaan terveydenhuollon ylil\u00e4\u00e4k\u00e4rin\u00e4.<\/p>\n<p>Tultuaan valituksi Aronkyt\u00f6 lausui:&#8221;Minulla on pitk\u00e4 k\u00e4yt\u00e4nn\u00f6n kokemus. Tied\u00e4n mit\u00e4 l\u00e4\u00e4k\u00e4rit ja hoitajat ja sosiaality\u00f6ntekij\u00e4t tarvitsevat tehd\u00e4kseen ty\u00f6ns\u00e4 hyvin&#8221;<\/p>\n<p>Uudistuksen valmisteluorganisation ( kuinkahan paljon porukka? ) tukena toimii Sitra (Suomen itsen\u00e4isyyden juhlarahasto).Sitraa luonnehditaan valmistelussa riippumattomaksi toimijaksi. Itselleni on j\u00e4\u00e4nyt Sitrasta kuva yritysten etujen intohimoisena ajajana.<\/p>\n<p>Valmisteluja kehutaan joka k\u00e4\u00e4nteess\u00e4 l\u00e4pin\u00e4kyviksi, mutta asiat k\u00e4hmit\u00e4\u00e4n pieniss\u00e4 piireiss\u00e4 ja tietoa saa jos jaksaa kaivaa. Avoimuus on yht\u00e4 kaukana kuin p\u00e4iv\u00e4ntasaaja.<\/p>\n<p>&nbsp;<\/p>\n<p>Talousel\u00e4m\u00e4n haastattelussa Timo Aronkyt\u00f6 arvio, ett\u00e4 ensi alkuun valinnanvapauden k\u00e4ynnist\u00e4minen tuo meille uusmaalaisille 100 &#8211; 150 milj. eur. lis\u00e4laskun.<\/p>\n<p>Nyt alkavat kuulemma laskuharjoitukset, mist\u00e4 se katetaan ja raha otetaan.<\/p>\n<p>Saanko arvata: Yksi kohde on selv\u00e4, asiakasmaksut nousevat.<\/p>\n<p>Aronkyt\u00f6 my\u00f6s ennustaa, ett\u00e4 joitakin terveysasemia joudutaan sulkemaan, ei kuitenkaan aloitusvuonna 2019, sulkemiset eli palvelujen huonontaminen aloitetaan vasta sen j\u00e4lkeen.<\/p>\n<p>Talousel\u00e4m\u00e4n haastattelussa Aronkyt\u00f6 toteaa my\u00f6s: &#8221;Jukinen sektori v\u00e4h\u00e4n alihoitaa nyt, joten t\u00e4ytyy lis\u00e4t\u00e4 peruspalvelujen tuotantoa ja valikoimaa.<\/p>\n<p>Melkoisesti sanottu miehelt\u00e4 joka johti Vantaan terveyskeskusten toimintaa vuosia. Onko meill\u00e4 ollut johtajia jotka ovat tahallaan ajaneet asiat tilaan, jolla luotiin edellytykset yksityisille terveydenhuollon yrityksille tulla ry\u00f6st\u00e4m\u00e4\u00e4n kansan maksama ja kehitt\u00e4m\u00e4 terveydenhoidon kivijalka. Sit\u00e4h\u00e4n yhti\u00f6itt\u00e4minen ja valinnanvapaus merkitsee.<\/p>\n<p>Tarvitsemmeko t\u00e4llaisia henkil\u00f6it\u00e4 kehitt\u00e4m\u00e4\u00e4n terveydenhuoltoamme?<\/p>\n<p>Soteen voi viel\u00e4 vaikuttaa. Valtavasti viestej\u00e4 hallituspuolueiden kansanedustajille. Julkinen l\u00e4hi-, perus-terveydenhuolto tulee s\u00e4ilytt\u00e4\u00e4 ja sit\u00e4 pit\u00e4\u00e4 kehitt\u00e4\u00e4 kuntien toimintana. Erikoisairaanhoito leve\u00e4mmille hartioille. Jos joku haluaa vied\u00e4 rahojaan yksityisten terveysfirmojen kassaan se sallittakoon, mutta pidet\u00e4\u00e4n julkinen ja yksityinen sektori erill\u00e4\u00e4n toisistaan.<\/p>\n<p>Veromarkkoja ei ole mit\u00e4\u00e4n syyt\u00e4 l\u00e4hett\u00e4\u00e4 paratiisisaarille.<\/p>\n<p>Julkinen pesee yksityisen mennen tullen kunhan sille annetaan tarvittavat resurssit. Alibudjetoinnilla on tietoiseti alennettu palvelun tasoa. Sen on loputtava. Ne toimihenkil\u00f6t jotka eiv\u00e4t halua kehitt\u00e4\u00e4 julkista terveydenhoitoa ja palvella kansaa, tervemenoa yksityiselle.<\/p>\n<p>Erkki Matinlassi<\/p>\n","protected":false},"excerpt":{"rendered":"<p>Uudenmaan liiton hallitus valitsi jo viime marraskuussa maakunta- ja soteuudistuksen valmistelijat. Eip\u00e4 ole n\u00e4kynyt mit\u00e4\u00e4n julkista hakua n\u00e4ihin eritt\u00e4in t\u00e4rkeisiin teht\u00e4viin. Kuinka ollakaan uudenmaan liiton hallitus l\u00f6ysi kohdennetulla haulla teht\u00e4viin mielest\u00e4\u00e4n p\u00e4tev\u00e4t henkil\u00f6t. P\u00e4\u00e4tt\u00e4m\u00e4ss\u00e4 oli my\u00f6s kaksi vantaalaista poliitikkoa Jari Sainio sd ja Timo Juurikkala vihr. Olisipa ollut hienoa n\u00e4hd\u00e4 Hesarissa ty\u00f6nhakuilmoitus: Etsimme paria intohohimoista&hellip;<\/p>\n<p class=\"more-link-p\"><a class=\"more-link\" href=\"https:\/\/www.asukkaidenvantaa.fi\/?p=4075\">Lue lis\u00e4\u00e4 \u2192<\/a><\/p>\n","protected":false},"author":5003,"featured_media":0,"comment_status":"open","ping_status":"open","sticky":false,"template":"","format":"standard","meta":{"footnotes":""},"categories":[28,355],"tags":[],"class_list":["post-4075","post","type-post","status-publish","format-standard","hentry","category-mielipiteet","category-ajankohtaisia"],"_links":{"self":[{"href":"https:\/\/www.asukkaidenvantaa.fi\/index.php?rest_route=\/wp\/v2\/posts\/4075","targetHints":{"allow":["GET"]}}],"collection":[{"href":"https:\/\/www.asukkaidenvantaa.fi\/index.php?rest_route=\/wp\/v2\/posts"}],"about":[{"href":"https:\/\/www.asukkaidenvantaa.fi\/index.php?rest_route=\/wp\/v2\/types\/post"}],"author":[{"embeddable":true,"href":"https:\/\/www.asukkaidenvantaa.fi\/index.php?rest_route=\/wp\/v2\/users\/5003"}],"replies":[{"embeddable":true,"href":"https:\/\/www.asukkaidenvantaa.fi\/index.php?rest_route=%2Fwp%2Fv2%2Fcomments&post=4075"}],"version-history":[{"count":3,"href":"https:\/\/www.asukkaidenvantaa.fi\/index.php?rest_route=\/wp\/v2\/posts\/4075\/revisions"}],"predecessor-version":[{"id":4081,"href":"https:\/\/www.asukkaidenvantaa.fi\/index.php?rest_route=\/wp\/v2\/posts\/4075\/revisions\/4081"}],"wp:attachment":[{"href":"https:\/\/www.asukkaidenvantaa.fi\/index.php?rest_route=%2Fwp%2Fv2%2Fmedia&parent=4075"}],"wp:term":[{"taxonomy":"category","embeddable":true,"href":"https:\/\/www.asukkaidenvantaa.fi\/index.php?rest_route=%2Fwp%2Fv2%2Fcategories&post=4075"},{"taxonomy":"post_tag","embeddable":true,"href":"https:\/\/www.asukkaidenvantaa.fi\/index.php?rest_route=%2Fwp%2Fv2%2Ftags&post=4075"}],"curies":[{"name":"wp","href":"https:\/\/api.w.org\/{rel}","templated":true}]}}