{"id":4044,"date":"2017-04-03T11:46:44","date_gmt":"2017-04-03T11:46:44","guid":{"rendered":"http:\/\/asukkaidenvantaa.saitit.fi\/?p=4044"},"modified":"2017-04-03T11:46:44","modified_gmt":"2017-04-03T11:46:44","slug":"vantaan-suuri-sote-paneeli-5-4","status":"publish","type":"post","link":"https:\/\/www.asukkaidenvantaa.fi\/?p=4044","title":{"rendered":"Vantaan suuri sote paneeli 5.4."},"content":{"rendered":"<p><strong>Vantaalaiset valtuutetut ottavat kantaa sote uudistukseen paneelikeskustelussa.<\/strong><\/p>\n<p>Sote paneeli j\u00e4rjestet\u00e4\u00e4n 5.4. klo 17 -19.30 Tikkurilan kirjaston Aleksis salissa.<\/p>\n<p>Paneeliin ovat ilmoittautuneet:<\/p>\n<p>Feministinen puolue: P\u00e4ivi Helakallio-Ranta<br \/>\nSDP: S\u00e4de Tahvanainen<br \/>\nKepu: Irja Ansalehto-Salmi<br \/>\nSKP: Rita Dahl<br \/>\nVihre\u00e4t: Vaula Norrena<br \/>\nVasemmistoliitto:\u00a0 Elina Nykyri<br \/>\nKristilliset: Marja Salonius<\/p>\n<p>My\u00f6s Perussuomalaiset etsiv\u00e4t osanottajaa paneeliin.<\/p>\n<div id=\"attachment_4048\" style=\"width: 835px\" class=\"wp-caption alignleft\"><a href=\"http:\/\/asukkaidenvantaa.saitit.fi\/?attachment_id=4048\" rel=\"attachment wp-att-4048\"><img loading=\"lazy\" decoding=\"async\" aria-describedby=\"caption-attachment-4048\" class=\"size-full wp-image-4048\" src=\"http:\/\/asukkaidenvantaa.saitit.fi\/wp-content\/uploads\/\/sites\/31\/2017\/04\/Sotekaavio-04032017-VNK-825x433.jpg\" alt=\"\" width=\"825\" height=\"433\" \/><\/a><p id=\"caption-attachment-4048\" class=\"wp-caption-text\">Ste uudistuksen hallintokaavio. Virtaviivaistuuko hallinto?<\/p><\/div>\n<p>&nbsp;<\/p>\n<p>&nbsp;<\/p>\n","protected":false},"excerpt":{"rendered":"<p>Vantaalaiset valtuutetut ottavat kantaa sote uudistukseen paneelikeskustelussa. Sote paneeli j\u00e4rjestet\u00e4\u00e4n 5.4. klo 17 -19.30 Tikkurilan kirjaston Aleksis salissa. Paneeliin ovat ilmoittautuneet: Feministinen puolue: P\u00e4ivi Helakallio-Ranta SDP: S\u00e4de Tahvanainen Kepu: Irja Ansalehto-Salmi SKP: Rita Dahl Vihre\u00e4t: Vaula Norrena Vasemmistoliitto:\u00a0 Elina Nykyri Kristilliset: Marja Salonius My\u00f6s Perussuomalaiset etsiv\u00e4t osanottajaa paneeliin. &nbsp; &nbsp;<\/p>\n<p class=\"more-link-p\"><a class=\"more-link\" href=\"https:\/\/www.asukkaidenvantaa.fi\/?p=4044\">Lue lis\u00e4\u00e4 \u2192<\/a><\/p>\n","protected":false},"author":5003,"featured_media":0,"comment_status":"open","ping_status":"open","sticky":false,"template":"","format":"standard","meta":{"footnotes":""},"categories":[35,355],"tags":[],"class_list":["post-4044","post","type-post","status-publish","format-standard","hentry","category-tapahtumat","category-ajankohtaisia"],"_links":{"self":[{"href":"https:\/\/www.asukkaidenvantaa.fi\/index.php?rest_route=\/wp\/v2\/posts\/4044","targetHints":{"allow":["GET"]}}],"collection":[{"href":"https:\/\/www.asukkaidenvantaa.fi\/index.php?rest_route=\/wp\/v2\/posts"}],"about":[{"href":"https:\/\/www.asukkaidenvantaa.fi\/index.php?rest_route=\/wp\/v2\/types\/post"}],"author":[{"embeddable":true,"href":"https:\/\/www.asukkaidenvantaa.fi\/index.php?rest_route=\/wp\/v2\/users\/5003"}],"replies":[{"embeddable":true,"href":"https:\/\/www.asukkaidenvantaa.fi\/index.php?rest_route=%2Fwp%2Fv2%2Fcomments&post=4044"}],"version-history":[{"count":2,"href":"https:\/\/www.asukkaidenvantaa.fi\/index.php?rest_route=\/wp\/v2\/posts\/4044\/revisions"}],"predecessor-version":[{"id":4051,"href":"https:\/\/www.asukkaidenvantaa.fi\/index.php?rest_route=\/wp\/v2\/posts\/4044\/revisions\/4051"}],"wp:attachment":[{"href":"https:\/\/www.asukkaidenvantaa.fi\/index.php?rest_route=%2Fwp%2Fv2%2Fmedia&parent=4044"}],"wp:term":[{"taxonomy":"category","embeddable":true,"href":"https:\/\/www.asukkaidenvantaa.fi\/index.php?rest_route=%2Fwp%2Fv2%2Fcategories&post=4044"},{"taxonomy":"post_tag","embeddable":true,"href":"https:\/\/www.asukkaidenvantaa.fi\/index.php?rest_route=%2Fwp%2Fv2%2Ftags&post=4044"}],"curies":[{"name":"wp","href":"https:\/\/api.w.org\/{rel}","templated":true}]}}