{"id":3989,"date":"2017-02-13T09:05:04","date_gmt":"2017-02-13T09:05:04","guid":{"rendered":"http:\/\/www.asukkaidenvantaa.fi\/?p=3989"},"modified":"2017-02-13T09:05:04","modified_gmt":"2017-02-13T09:05:04","slug":"karkkisadetta-luvassa","status":"publish","type":"post","link":"https:\/\/www.asukkaidenvantaa.fi\/?p=3989","title":{"rendered":"Karkkisadetta luvassa"},"content":{"rendered":"<p><strong><\/p>\n<p>Penkkariajelut saattelevat abit lukulomalle torstaina 16.2.2017. Penkkari-autot kiert\u00e4v\u00e4t perinteiseksi k\u00e4yneen tavan mukaisesti erikseen It\u00e4-Vantaalla ja L\u00e4nsi-Vantaalla. Tule mukaan kannustamaan nuoria abiturientteja!<\/strong><\/p>\n<p>Abit ajelevat perinteen mukaisesti paria reitti\u00e4 Vantaalla. Jos vanhat merkit pit\u00e4v\u00e4t paikkansa saa suunsa makeaksi tienvarsikatsomossa.<\/p>\n<p><strong>It\u00e4-Vantaa<\/strong>: Yhteisl\u00e4ht\u00f6 klo 12:30 Tikkurilan j\u00e4\u00e4hallilta.<\/p>\n<p><strong>Reitti<\/strong>: L\u00e4ntinen Valkoisenl\u00e4hteentie \u2014 Koivukyl\u00e4ntie \u2014 Leinel\u00e4n puistotie \u2014 Leinel\u00e4ntie \u2014 Koivukyl\u00e4n puistotie \u2014 Kyt\u00f6tie \u2014 Peijaksentie \u2014 Laurantie \u2014 Hanab\u00f6lentie \u2014 Koivukyl\u00e4nv\u00e4yl\u00e4 \u2014 Kyt\u00f6tie \u2014 Koivukyl\u00e4n puistotie \u2014 Asolanv\u00e4yl\u00e4 \u2014 Talvikkitie \u2014 Talkootie \u2014 Hiekkaharjuntie \u2014 Kielotie \u2014 Horsmakuja \u2014 Talvikkitie \u2014 Peltolantie \u2014 Osmank\u00e4\u00e4mintie \u2014 L\u00e4ntinen-Valkoisenl\u00e4hteentie.<\/p>\n<p><strong>L\u00e4nsi-Vantaa<\/strong>: Yhteisl\u00e4ht\u00f6 klo 13:30 Myyrm\u00e4en j\u00e4\u00e4hallilta.<\/p>\n<p><strong>Reitti<\/strong>: Raappavuorentie \u2013 Martinlaaksontie \u2013 Laajaniityntie \u2013 Laajavuorentie \u2013 Kivivuorentie \u2013 Martinlaaksontie \u2013 Louhelantie \u2013 Vaskivuorentie \u2013 Myyrm\u00e4entie \u2013 Uomatie \u2013 Raappavuorentie \u2013 Virtatie \u2013 Myyrm\u00e4entie \u2013 Vaskivuorentie \u2013 Raappavuorentie \u2013 Rajatorpantie \u2013 J\u00f6nsaksentie \u2013 Vaskivuorentie.<\/p>\n<div id=\"attachment_3990\" style=\"width: 289px\" class=\"wp-caption alignleft\"><a href=\"http:\/\/www.asukkaidenvantaa.fi\/?attachment_id=3990\" rel=\"attachment wp-att-3990\"><img loading=\"lazy\" decoding=\"async\" aria-describedby=\"caption-attachment-3990\" src=\"\/wp-content\/uploads\/sites\/31\/2017\/02\/index.jpg\" alt=\"Joskus on pakkanenkin h\u00e4tyytellyt penkkarip\u00e4iv\u00e4n\u00e4.\" width=\"279\" height=\"181\" class=\"size-full wp-image-3990\" \/><\/a><p id=\"caption-attachment-3990\" class=\"wp-caption-text\">Joskus on pakkanenkin h\u00e4tyytellyt penkkarip\u00e4iv\u00e4n\u00e4.<\/p><\/div>\n<div id=\"attachment_3991\" style=\"width: 280px\" class=\"wp-caption alignright\"><a href=\"http:\/\/www.asukkaidenvantaa.fi\/?attachment_id=3991\" rel=\"attachment wp-att-3991\"><img loading=\"lazy\" decoding=\"async\" aria-describedby=\"caption-attachment-3991\" src=\"\/wp-content\/uploads\/sites\/31\/2017\/02\/penkkarit-2-e1486975966853.jpg\" alt=\"S\u00e4\u00e4st\u00f6t ja leikkaukset varjostavat t\u00e4m\u00e4nkin vuoden penkkariajeluita.\" width=\"270\" height=\"151\" class=\"size-full wp-image-3991\" \/><\/a><p id=\"caption-attachment-3991\" class=\"wp-caption-text\">S\u00e4\u00e4st\u00f6t ja leikkaukset varjostavat t\u00e4m\u00e4nkin vuoden penkkariajeluita.<\/p><\/div>\n<p>Penkkariajelujen iloitteluiden j\u00e4lkeen abit palaavat lukujen \u00e4\u00e4reen.<br \/>\nJa Vantaan poliitikot pohtimaan miten ratkoa koulutuksen pulmia. Homekouluja, oppilaskokoja, opetuksen m\u00e4\u00e4r\u00e4rahaleikkauksia. Kunnallisvaalien l\u00e4hetess\u00e4 l\u00f6ytyy yll\u00e4tt\u00e4v\u00e4\u00e4 kyll\u00e4 kouluasioiden kuntoon laittajia.<br \/>\nVoiko lupauksiin luottaa? <\/p>\n","protected":false},"excerpt":{"rendered":"<p>Penkkariajelut saattelevat abit lukulomalle torstaina 16.2.2017. Penkkari-autot kiert\u00e4v\u00e4t perinteiseksi k\u00e4yneen tavan mukaisesti erikseen It\u00e4-Vantaalla ja L\u00e4nsi-Vantaalla. Tule mukaan kannustamaan nuoria abiturientteja! Abit ajelevat perinteen mukaisesti paria reitti\u00e4 Vantaalla. Jos vanhat merkit pit\u00e4v\u00e4t paikkansa saa suunsa makeaksi tienvarsikatsomossa. It\u00e4-Vantaa: Yhteisl\u00e4ht\u00f6 klo 12:30 Tikkurilan j\u00e4\u00e4hallilta. Reitti: L\u00e4ntinen Valkoisenl\u00e4hteentie \u2014 Koivukyl\u00e4ntie \u2014 Leinel\u00e4n puistotie \u2014 Leinel\u00e4ntie \u2014 Koivukyl\u00e4n&hellip;<\/p>\n<p class=\"more-link-p\"><a class=\"more-link\" href=\"https:\/\/www.asukkaidenvantaa.fi\/?p=3989\">Lue lis\u00e4\u00e4 \u2192<\/a><\/p>\n","protected":false},"author":5003,"featured_media":0,"comment_status":"open","ping_status":"open","sticky":false,"template":"","format":"standard","meta":{"footnotes":""},"categories":[1],"tags":[],"class_list":["post-3989","post","type-post","status-publish","format-standard","hentry","category-uncategorized"],"_links":{"self":[{"href":"https:\/\/www.asukkaidenvantaa.fi\/index.php?rest_route=\/wp\/v2\/posts\/3989","targetHints":{"allow":["GET"]}}],"collection":[{"href":"https:\/\/www.asukkaidenvantaa.fi\/index.php?rest_route=\/wp\/v2\/posts"}],"about":[{"href":"https:\/\/www.asukkaidenvantaa.fi\/index.php?rest_route=\/wp\/v2\/types\/post"}],"author":[{"embeddable":true,"href":"https:\/\/www.asukkaidenvantaa.fi\/index.php?rest_route=\/wp\/v2\/users\/5003"}],"replies":[{"embeddable":true,"href":"https:\/\/www.asukkaidenvantaa.fi\/index.php?rest_route=%2Fwp%2Fv2%2Fcomments&post=3989"}],"version-history":[{"count":3,"href":"https:\/\/www.asukkaidenvantaa.fi\/index.php?rest_route=\/wp\/v2\/posts\/3989\/revisions"}],"predecessor-version":[{"id":3995,"href":"https:\/\/www.asukkaidenvantaa.fi\/index.php?rest_route=\/wp\/v2\/posts\/3989\/revisions\/3995"}],"wp:attachment":[{"href":"https:\/\/www.asukkaidenvantaa.fi\/index.php?rest_route=%2Fwp%2Fv2%2Fmedia&parent=3989"}],"wp:term":[{"taxonomy":"category","embeddable":true,"href":"https:\/\/www.asukkaidenvantaa.fi\/index.php?rest_route=%2Fwp%2Fv2%2Fcategories&post=3989"},{"taxonomy":"post_tag","embeddable":true,"href":"https:\/\/www.asukkaidenvantaa.fi\/index.php?rest_route=%2Fwp%2Fv2%2Ftags&post=3989"}],"curies":[{"name":"wp","href":"https:\/\/api.w.org\/{rel}","templated":true}]}}