{"id":3961,"date":"2017-01-24T11:06:18","date_gmt":"2017-01-24T11:06:18","guid":{"rendered":"http:\/\/www.asukkaidenvantaa.fi\/?p=3961"},"modified":"2017-01-24T11:06:18","modified_gmt":"2017-01-24T11:06:18","slug":"vantaan-rauhanklubin-kevat-kayntiin","status":"publish","type":"post","link":"https:\/\/www.asukkaidenvantaa.fi\/?p=3961","title":{"rendered":"Vantaan Rauhanklubin kev\u00e4t k\u00e4yntiin"},"content":{"rendered":"<p><strong>Vantaan Rauhanpuolustajat ry:n j\u00e4rjest\u00e4m\u00e4, jo perinteinen, Vantaan Rauhanklubi luento- ja keskustelutilaisuus jatkuu j\u00e4lleen.<\/strong> Rauhanklubi kokoontuu Tikkurilassa Silkinportissa kuukauden viimeisen\u00e4 maanantaina klo 18 alkaen.<br \/>\nKev\u00e4tkauden 2017 aloitus on siis ma 30.1. Teemana on: Taide, rauha, yhteis\u00f6llisyys, politiikka.<br \/>\nAlustajavieraana on k\u00e4sitetaiteilija <strong>Juha-Pekka V\u00e4is\u00e4nen.<\/strong><div id=\"attachment_3962\" style=\"width: 460px\" class=\"wp-caption aligncenter\"><a href=\"http:\/\/www.asukkaidenvantaa.fi\/?attachment_id=3962\" rel=\"attachment wp-att-3962\"><img loading=\"lazy\" decoding=\"async\" aria-describedby=\"caption-attachment-3962\" src=\"\/wp-content\/uploads\/sites\/31\/2017\/01\/Juha-Pekka-Vaisanen-e1485254823780.jpg\" alt=\"Vantaan Rauhanklubin kev\u00e4\u00e4n ensimm\u00e4inen vieras on k\u00e4sitetaiteilija Juha-Pekka V\u00e4is\u00e4nen, joka kertoo taiteesta rauhanty\u00f6n v\u00e4lineen\u00e4 ja muunkin yhteiskunnallisen toiminnan vaikuttajan.\" width=\"450\" height=\"463\" class=\"size-full wp-image-3962\" \/><\/a><p id=\"caption-attachment-3962\" class=\"wp-caption-text\">Vantaan Rauhanklubin kev\u00e4\u00e4n ensimm\u00e4inen vieras on k\u00e4sitetaiteilija Juha-Pekka V\u00e4is\u00e4nen, joka kertoo taiteesta rauhanty\u00f6n v\u00e4lineen\u00e4 ja muunkin yhteiskunnallisen toiminnan vaikuttajana.<\/p><\/div>\n<p>Helmikuun rauhanklubiin kutsutaan tuleviin kunnallisvaaleihin osallistuvia puolueita keskustelemaan rauhanty\u00f6st\u00e4 ja esittelem\u00e4\u00e4n omia rauhantekojaan.<\/p>\n<p>Maalis- ja huhtikuun teemat ovat viel\u00e4 valitsematta, mutta ajankohtaisuus on er\u00e4s Rauhanklubin tavoitteista sanoo Vantaan Rauhanpuolustajien puheenjohtaja <strong>Juha Kovanen<\/strong>. Varmasti saadaan kiinnostavia vieraita polttavista teemoista, vakuuttaa Kovanen.<\/p>\n<p>Toukokuussa on tarkoitus katsella millainen on USA ja maailma Amerikan uuden presidentin Donald Trumpin alkukauden toiminnan perusteella.<\/p>\n<p><a href=\"http:\/\/www.asukkaidenvantaa.fi\/?attachment_id=3965\" rel=\"attachment wp-att-3965\"><img loading=\"lazy\" decoding=\"async\" src=\"\/wp-content\/uploads\/sites\/31\/2017\/01\/Rauhanklubi-30.1.-17-VS-ilm.-e1485255488443.jpg\" alt=\"Rauhanklubi 30.1.-17 VS ilm.\" width=\"500\" height=\"340\" class=\"aligncenter size-full wp-image-3965\" \/><\/a><\/p>\n","protected":false},"excerpt":{"rendered":"<p>Vantaan Rauhanpuolustajat ry:n j\u00e4rjest\u00e4m\u00e4, jo perinteinen, Vantaan Rauhanklubi luento- ja keskustelutilaisuus jatkuu j\u00e4lleen. Rauhanklubi kokoontuu Tikkurilassa Silkinportissa kuukauden viimeisen\u00e4 maanantaina klo 18 alkaen. Kev\u00e4tkauden 2017 aloitus on siis ma 30.1. Teemana on: Taide, rauha, yhteis\u00f6llisyys, politiikka. Alustajavieraana on k\u00e4sitetaiteilija Juha-Pekka V\u00e4is\u00e4nen. Helmikuun rauhanklubiin kutsutaan tuleviin kunnallisvaaleihin osallistuvia puolueita keskustelemaan rauhanty\u00f6st\u00e4 ja esittelem\u00e4\u00e4n omia rauhantekojaan. Maalis-&hellip;<\/p>\n<p class=\"more-link-p\"><a class=\"more-link\" href=\"https:\/\/www.asukkaidenvantaa.fi\/?p=3961\">Lue lis\u00e4\u00e4 \u2192<\/a><\/p>\n","protected":false},"author":5003,"featured_media":3969,"comment_status":"open","ping_status":"open","sticky":false,"template":"","format":"standard","meta":{"footnotes":""},"categories":[1],"tags":[],"class_list":["post-3961","post","type-post","status-publish","format-standard","has-post-thumbnail","hentry","category-uncategorized"],"_links":{"self":[{"href":"https:\/\/www.asukkaidenvantaa.fi\/index.php?rest_route=\/wp\/v2\/posts\/3961","targetHints":{"allow":["GET"]}}],"collection":[{"href":"https:\/\/www.asukkaidenvantaa.fi\/index.php?rest_route=\/wp\/v2\/posts"}],"about":[{"href":"https:\/\/www.asukkaidenvantaa.fi\/index.php?rest_route=\/wp\/v2\/types\/post"}],"author":[{"embeddable":true,"href":"https:\/\/www.asukkaidenvantaa.fi\/index.php?rest_route=\/wp\/v2\/users\/5003"}],"replies":[{"embeddable":true,"href":"https:\/\/www.asukkaidenvantaa.fi\/index.php?rest_route=%2Fwp%2Fv2%2Fcomments&post=3961"}],"version-history":[{"count":5,"href":"https:\/\/www.asukkaidenvantaa.fi\/index.php?rest_route=\/wp\/v2\/posts\/3961\/revisions"}],"predecessor-version":[{"id":3968,"href":"https:\/\/www.asukkaidenvantaa.fi\/index.php?rest_route=\/wp\/v2\/posts\/3961\/revisions\/3968"}],"wp:featuredmedia":[{"embeddable":true,"href":"https:\/\/www.asukkaidenvantaa.fi\/index.php?rest_route=\/wp\/v2\/media\/3969"}],"wp:attachment":[{"href":"https:\/\/www.asukkaidenvantaa.fi\/index.php?rest_route=%2Fwp%2Fv2%2Fmedia&parent=3961"}],"wp:term":[{"taxonomy":"category","embeddable":true,"href":"https:\/\/www.asukkaidenvantaa.fi\/index.php?rest_route=%2Fwp%2Fv2%2Fcategories&post=3961"},{"taxonomy":"post_tag","embeddable":true,"href":"https:\/\/www.asukkaidenvantaa.fi\/index.php?rest_route=%2Fwp%2Fv2%2Ftags&post=3961"}],"curies":[{"name":"wp","href":"https:\/\/api.w.org\/{rel}","templated":true}]}}