{"id":3949,"date":"2017-01-13T09:35:56","date_gmt":"2017-01-13T09:35:56","guid":{"rendered":"http:\/\/www.asukkaidenvantaa.fi\/?p=3949"},"modified":"2017-01-13T09:49:46","modified_gmt":"2017-01-13T09:49:46","slug":"vantaan-koulut-kuntoon-vantaalaispuolueet-kokivat-vaaliheratyksen","status":"publish","type":"post","link":"https:\/\/www.asukkaidenvantaa.fi\/?p=3949","title":{"rendered":"Vantaan koulut kuntoon, vantaalaispuolueet kokivat vaaliher\u00e4tyksen"},"content":{"rendered":"<p><strong>Kunnallisvaalit l\u00e4hestyv\u00e4t ja \u00e4\u00e4nest\u00e4jille tarvitaan vaalit\u00e4kyj\u00e4.<\/strong><br \/>\nYhdeksi vaalilupaukseksi n\u00e4ytt\u00e4\u00e4 nousevan koulutilanne, jos Helsingin Sanomien juttuun 12.1.2017 on uskominen.<\/p>\n<p>Mielenkiintoista asiassa on se, ett\u00e4 samat puolueet ovat olleet vallassa Vantaalla vuoden 2012 kunnallisvaalien j\u00e4lkeen. Kuluvalla valtuustokaudella kouluista ja koulutuksesta on keskusteltu Vantaalla paljon. Eik\u00e4 vain keskusteltu, vaan vantaalaiset ovat olleet napit vastakkain valtuuston p\u00e4\u00e4puolueiden sosdemien ja kokoomuksen ja sen apupuolueiden kanssa. Koulukysymysten ymp\u00e4rill\u00e4 on kiehunut koko kuluvan valtuustokauden.<\/p>\n<p>Erimielisyytt\u00e4 on ollut mm. koulujen lakkauttamisista. Hevoshaan ja Tuomelan koulut p\u00e4\u00e4tetttiin lakkauttaa. T\u00e4m\u00e4 sai oppilaiden vanhemmat j\u00e4rjest\u00e4m\u00e4\u00e4n laajaa vastarintaa hankkeelle. Oli mahtavia tilaisuuksia ja mielenosoituksia, mutta asukkaiden mielipide ei painanut.<br \/>\n<div id=\"attachment_3952\" style=\"width: 710px\" class=\"wp-caption aligncenter\"><a href=\"http:\/\/www.asukkaidenvantaa.fi\/?attachment_id=3952\" rel=\"attachment wp-att-3952\"><img loading=\"lazy\" decoding=\"async\" aria-describedby=\"caption-attachment-3952\" src=\"\/wp-content\/uploads\/sites\/31\/2017\/01\/20131015_161435-e1484299039420.jpg\" alt=\"N\u00e4m\u00e4kin tulevat koululaiset haluaisivat k\u00e4yd\u00e4 Tuomelan koulua\" width=\"700\" height=\"933\" class=\"size-full wp-image-3952\" \/><\/a><p id=\"caption-attachment-3952\" class=\"wp-caption-text\">N\u00e4m\u00e4kin mielenosoittajat haluaisivat k\u00e4yd\u00e4 Tuomelan koulua<\/p><\/div>\n<p>Tuomelan koulu pelastui alueen muiden koulujen homeongelmien vuoksi toistaiseksi. Sit\u00e4 k\u00e4ytet\u00e4\u00e4n nyt osittain v\u00e4ist\u00f6tilana ja joitakin alkuper\u00e4isi\u00e4 luokkia on viel\u00e4 opetuksessa.<\/p>\n<p>Hevoshaan koulun kohtalo Hakunilassa sinet\u00f6itiin lopullisesti elokuun 2016 valtuuston kokouksessa \u00e4\u00e4nestyksen j\u00e4lkeen demareiden ja kokoomuksen \u00e4\u00e4nin.<\/p>\n<p>Vantaan v\u00e4est\u00f6 on voimakkaassa nousussa vilkkaan rakentamisen johdosta, kuluvana vuonna sek\u00e4 l\u00e4hivuosina valmistuu yli    3 000 uutta asuntoa, eli v\u00e4kim\u00e4\u00e4r\u00e4 kasvaa yli viidell\u00e4 tuhannella vuosittain. Er\u00e4\u00e4n\u00e4 perusteluna koulujen lakkauttamisessa oli lasten v\u00e4heneminen. T\u00e4st\u00e4kin huomaa kuinka hataralla pohjalla koulujen lakkauttajien perustelut olivat.<br \/>\nVantaan talous- ja velkaohjelman (leikkausten) j\u00e4\u00e4r\u00e4p\u00e4inen ulottaminen kaikkialle hallintoon on aiheuttanut ja aiheuttaa lis\u00e4\u00e4 harmaita hiuksia vantaalaisille.<\/p>\n<p>Sosiaalisessa mediassa k\u00e4yd\u00e4\u00e4n parhaillaankin kuumaa keskustelua Vantaan koulujen opetuksesta.<br \/>\nKiehunta on melkoista, joka kielii siit\u00e4, ett\u00e4 asiat eiv\u00e4t ole sill\u00e4k\u00e4\u00e4n sektorilla kunnossa.<\/p>\n<p>Kuntoon saattamista tosiaan tarvitaan, mutta voiko remontin j\u00e4tt\u00e4\u00e4 romuttajien k\u00e4siin? Eik\u00f6 olisi parempi \u00e4\u00e4nest\u00e4\u00e4 tulevissa kunnallisvaaleissa huhtikuussa uusia voimia kunnostust\u00f6ihin.<br \/>\n<div id=\"attachment_3951\" style=\"width: 710px\" class=\"wp-caption aligncenter\"><a href=\"http:\/\/www.asukkaidenvantaa.fi\/?attachment_id=3951\" rel=\"attachment wp-att-3951\"><img loading=\"lazy\" decoding=\"async\" aria-describedby=\"caption-attachment-3951\" src=\"\/wp-content\/uploads\/sites\/31\/2017\/01\/20131015_160547-e1484244316181.jpg\" alt=\"Hevoshaan ja Tuomelan koulujen puolustajat j\u00e4rjestiv\u00e4t mahtavan mieleosoituskulkueen Tikkurilassa syksyll\u00e4 2013 osana koulukamppailua. Aukkaiden mielipiteet jyr\u00e4ttiin tylysti kokoomuksen ja sosialidemokraattien pyh\u00e4n allianssin voimalla.\" width=\"700\" height=\"525\" class=\"size-full wp-image-3951\" \/><\/a><p id=\"caption-attachment-3951\" class=\"wp-caption-text\">Hevoshaan ja Tuomelan koulujen puolustajat j\u00e4rjestiv\u00e4t mahtavan mieleosoituskulkueen Tikkurilassa syksyll\u00e4 2013 osana koulukamppailua. Asukkaiden mielipiteet jyr\u00e4ttiin tylysti kokoomuksen ja sosialidemokraattien pyh\u00e4n allianssin voimalla.<\/p><\/div>\n","protected":false},"excerpt":{"rendered":"<p>Kunnallisvaalit l\u00e4hestyv\u00e4t ja \u00e4\u00e4nest\u00e4jille tarvitaan vaalit\u00e4kyj\u00e4. Yhdeksi vaalilupaukseksi n\u00e4ytt\u00e4\u00e4 nousevan koulutilanne, jos Helsingin Sanomien juttuun 12.1.2017 on uskominen. Mielenkiintoista asiassa on se, ett\u00e4 samat puolueet ovat olleet vallassa Vantaalla vuoden 2012 kunnallisvaalien j\u00e4lkeen. Kuluvalla valtuustokaudella kouluista ja koulutuksesta on keskusteltu Vantaalla paljon. Eik\u00e4 vain keskusteltu, vaan vantaalaiset ovat olleet napit vastakkain valtuuston p\u00e4\u00e4puolueiden sosdemien ja&hellip;<\/p>\n<p class=\"more-link-p\"><a class=\"more-link\" href=\"https:\/\/www.asukkaidenvantaa.fi\/?p=3949\">Lue lis\u00e4\u00e4 \u2192<\/a><\/p>\n","protected":false},"author":5003,"featured_media":3958,"comment_status":"open","ping_status":"open","sticky":false,"template":"","format":"standard","meta":{"footnotes":""},"categories":[1],"tags":[242,481,458,241],"class_list":["post-3949","post","type-post","status-publish","format-standard","has-post-thumbnail","hentry","category-uncategorized","tag-hevoshaan-koulu","tag-koulukamppailu","tag-opetus","tag-tuomelan-koulu"],"_links":{"self":[{"href":"https:\/\/www.asukkaidenvantaa.fi\/index.php?rest_route=\/wp\/v2\/posts\/3949","targetHints":{"allow":["GET"]}}],"collection":[{"href":"https:\/\/www.asukkaidenvantaa.fi\/index.php?rest_route=\/wp\/v2\/posts"}],"about":[{"href":"https:\/\/www.asukkaidenvantaa.fi\/index.php?rest_route=\/wp\/v2\/types\/post"}],"author":[{"embeddable":true,"href":"https:\/\/www.asukkaidenvantaa.fi\/index.php?rest_route=\/wp\/v2\/users\/5003"}],"replies":[{"embeddable":true,"href":"https:\/\/www.asukkaidenvantaa.fi\/index.php?rest_route=%2Fwp%2Fv2%2Fcomments&post=3949"}],"version-history":[{"count":6,"href":"https:\/\/www.asukkaidenvantaa.fi\/index.php?rest_route=\/wp\/v2\/posts\/3949\/revisions"}],"predecessor-version":[{"id":3959,"href":"https:\/\/www.asukkaidenvantaa.fi\/index.php?rest_route=\/wp\/v2\/posts\/3949\/revisions\/3959"}],"wp:featuredmedia":[{"embeddable":true,"href":"https:\/\/www.asukkaidenvantaa.fi\/index.php?rest_route=\/wp\/v2\/media\/3958"}],"wp:attachment":[{"href":"https:\/\/www.asukkaidenvantaa.fi\/index.php?rest_route=%2Fwp%2Fv2%2Fmedia&parent=3949"}],"wp:term":[{"taxonomy":"category","embeddable":true,"href":"https:\/\/www.asukkaidenvantaa.fi\/index.php?rest_route=%2Fwp%2Fv2%2Fcategories&post=3949"},{"taxonomy":"post_tag","embeddable":true,"href":"https:\/\/www.asukkaidenvantaa.fi\/index.php?rest_route=%2Fwp%2Fv2%2Ftags&post=3949"}],"curies":[{"name":"wp","href":"https:\/\/api.w.org\/{rel}","templated":true}]}}