{"id":3910,"date":"2016-10-17T11:39:18","date_gmt":"2016-10-17T11:39:18","guid":{"rendered":"http:\/\/www.asukkaidenvantaa.fi\/?p=3910"},"modified":"2016-10-17T11:39:18","modified_gmt":"2016-10-17T11:39:18","slug":"kaupunginjohtaja-nenonen-esitteli-viidennen-talousarvionsa","status":"publish","type":"post","link":"https:\/\/www.asukkaidenvantaa.fi\/?p=3910","title":{"rendered":"Kaupunginjohtaja Nenonen esitteli viidennen talousarvionsa"},"content":{"rendered":"<p><strong>Vantaan talous- ja velkaohjelma jatkuu<\/strong><\/p>\n<p>Kaupunginjohtaja Kari Nenosen Vantaalla olo on ollut yht\u00e4 talous- ja velkaohjelmaa. Ja sellaisena se tulee jatkumaankin, siit\u00e4 pit\u00e4\u00e4 huolta yli miljardin velkataakka.<\/p>\n<p><strong>Soteratkaisussa piilee riskej\u00e4<\/strong><br \/>\n Vaikka Sote ratkaisu ei viel\u00e4 vaikuta vuoden 2017 talousarvioon on kaupungin johto jo yritt\u00e4nyt hahmotella tulevan ratkaisun vaikutuksia.<br \/>\n Selv\u00e4\u00e4 tulee olemaan, ett\u00e4 terveys- ja sosiaalipalvelut siirtyv\u00e4t maakuntahallinnon hoidettaviksi, mutta miljardin velat j\u00e4\u00e4v\u00e4t.<\/p>\n<p><strong>Kunnallisvero s\u00e4ilyy nykyisell\u00e4\u00e4n, 19 prosentissa<\/strong><\/p>\n<p>Vaikka vero\u00e4yri s\u00e4ilyy ennallaan ja v\u00e4est\u00f6 kasvaa useammalla tuhannella, arvioidaan verotulojen laskevan.<br \/>\n Kiinteist\u00f6veroon tulee pieni\u00e4 muutoksia johtuen valtion p\u00e4\u00e4t\u00f6ksist\u00e4.<br \/>\n Uutta lainaa ei kuitenkaan arvioida tarvittavan vuonna 2017 vaikka budjetti on laadittu n. 50 miljoonaa euroa tapiolliseksi. Vantaa tulee saamaan valtiolta esimerkiksi Keh\u00e4 III:n rakentamiseen lainattuja rahoja takaisin, niill\u00e4 katetaan alij\u00e4\u00e4m\u00e4.<\/p>\n<p> Investointeihin k\u00e4ytet\u00e4\u00e4n hiukan enemm\u00e4n kuin aikaisemmin on linjattu. V\u00e4est\u00f6n kasvu edellytt\u00e4\u00e4 uusien p\u00e4iv\u00e4kotien ja koulujen rakentamista ja koulurakennusten homeongelmat pakottavat my\u00f6s yll\u00e4tyksellisiin uusinvestointeihin.<br \/>\n<div id=\"attachment_3911\" style=\"width: 610px\" class=\"wp-caption aligncenter\"><a href=\"http:\/\/www.asukkaidenvantaa.fi\/?attachment_id=3911\" rel=\"attachment wp-att-3911\"><img loading=\"lazy\" decoding=\"async\" aria-describedby=\"caption-attachment-3911\" src=\"\/wp-content\/uploads\/sites\/31\/2016\/10\/Vesipeili-1-e1476703494496.jpg\" alt=\"Kes\u00e4ll\u00e4 2016 valmistui kaupungintalon edustalle vesiaiheinen veistoskokonaisuus ilahduttaamaan ohikulkijoita.\" width=\"600\" height=\"450\" class=\"size-full wp-image-3911\" \/><\/a><p id=\"caption-attachment-3911\" class=\"wp-caption-text\">Kes\u00e4ll\u00e4 2016 valmistui kaupungintalon edustalle vesiaiheinen veistoskokonaisuus ilahduttaamaan ohikulkijoita.<\/p><\/div>\n<p> Talousarvion julkistustilaisuudessa vantaalaisten palveluiden vakuutettiin pysyv\u00e4n hyv\u00e4ll\u00e4 tolalla, sen jokainen voi arvioida vuoden mittaan k\u00e4ytt\u00e4ess\u00e4\u00e4n palveluita.<br \/>\n Palveluiden yksityist\u00e4minen jatkuu edelleen, yksityisilt\u00e4 palvelun tuottajilta ostetaan yh\u00e4 enemm\u00e4n palveluita. Uusia palveluseteleit\u00e4 otetaan k\u00e4ytt\u00f6\u00f6n. Ostopalveluihin k\u00e4ytet\u00e4\u00e4n yhteens\u00e4<br \/>\n647 milj. euroa , joka on suurin yksitt\u00e4inen menoer\u00e4. T\u00e4st\u00e4 kehityksest\u00e4 on k\u00e4yty ideologista k\u00e4denv\u00e4\u00e4nt\u00f6\u00e4, mutta kokoomuksen yksityist\u00e4mislinja tuntuu jyr\u00e4\u00e4v\u00e4n.<br \/>\nToiseksi suurimpana menoer\u00e4n\u00e4 on henkil\u00f6st\u00f6n palkat.<br \/>\nHenkil\u00f6st\u00f6n palkkamenot tulevat solmitun Kilpailukyky-sopimuksen takia alenemaan.<br \/>\nPalvelutuotantoa luvataan kehitt\u00e4\u00e4. Tietotekniikka on kehityksen k\u00e4rjess\u00e4. Vuoden 2017 aikana tulee mahdolliseksi mm. l\u00e4\u00e4k\u00e4riaikojen varaaminen netiss\u00e4.<br \/>\n<div id=\"attachment_3912\" style=\"width: 610px\" class=\"wp-caption aligncenter\"><a href=\"http:\/\/www.asukkaidenvantaa.fi\/?attachment_id=3912\" rel=\"attachment wp-att-3912\"><img loading=\"lazy\" decoding=\"async\" aria-describedby=\"caption-attachment-3912\" src=\"\/wp-content\/uploads\/sites\/31\/2016\/10\/Tuomela-2-e1476703664546.jpg\" alt=\"Taistelu Tuomelan koulun puolesta jatkuu. Koulun puolustajat k\u00e4viv\u00e4t j\u00e4lleen kerran 2016 Vantaan valtuustoryhmien puheilla. Lopullista p\u00e4\u00e4t\u00f6st\u00e4 Tuomelasta ei vaan saada aikaiseksi.Nyt Tuomela jatkaa v\u00e4ist\u00f6tilana L\u00e4nsi-Vantaan surkean koulutilanteen vuoksi.\" width=\"600\" height=\"450\" class=\"size-full wp-image-3912\" \/><\/a><p id=\"caption-attachment-3912\" class=\"wp-caption-text\">Taistelu Tuomelan koulun puolesta jatkuu. Koulun puolustajat k\u00e4viv\u00e4t j\u00e4lleen kerran 2016 Vantaan valtuustoryhmien puheilla. Lopullista p\u00e4\u00e4t\u00f6st\u00e4 Tuomelasta ei vaan saada aikaiseksi.Nyt Tuomela jatkaa v\u00e4ist\u00f6tilana L\u00e4nsi-Vantaan surkean koulutilanteen vuoksi.<\/p><\/div>\n","protected":false},"excerpt":{"rendered":"<p>Vantaan talous- ja velkaohjelma jatkuu Kaupunginjohtaja Kari Nenosen Vantaalla olo on ollut yht\u00e4 talous- ja velkaohjelmaa. Ja sellaisena se tulee jatkumaankin, siit\u00e4 pit\u00e4\u00e4 huolta yli miljardin velkataakka. Soteratkaisussa piilee riskej\u00e4 Vaikka Sote ratkaisu ei viel\u00e4 vaikuta vuoden 2017 talousarvioon on kaupungin johto jo yritt\u00e4nyt hahmotella tulevan ratkaisun vaikutuksia. Selv\u00e4\u00e4 tulee olemaan, ett\u00e4 terveys- ja sosiaalipalvelut&hellip;<\/p>\n<p class=\"more-link-p\"><a class=\"more-link\" href=\"https:\/\/www.asukkaidenvantaa.fi\/?p=3910\">Lue lis\u00e4\u00e4 \u2192<\/a><\/p>\n","protected":false},"author":5003,"featured_media":18,"comment_status":"open","ping_status":"open","sticky":false,"template":"","format":"standard","meta":{"footnotes":""},"categories":[355],"tags":[],"class_list":["post-3910","post","type-post","status-publish","format-standard","has-post-thumbnail","hentry","category-ajankohtaisia"],"_links":{"self":[{"href":"https:\/\/www.asukkaidenvantaa.fi\/index.php?rest_route=\/wp\/v2\/posts\/3910","targetHints":{"allow":["GET"]}}],"collection":[{"href":"https:\/\/www.asukkaidenvantaa.fi\/index.php?rest_route=\/wp\/v2\/posts"}],"about":[{"href":"https:\/\/www.asukkaidenvantaa.fi\/index.php?rest_route=\/wp\/v2\/types\/post"}],"author":[{"embeddable":true,"href":"https:\/\/www.asukkaidenvantaa.fi\/index.php?rest_route=\/wp\/v2\/users\/5003"}],"replies":[{"embeddable":true,"href":"https:\/\/www.asukkaidenvantaa.fi\/index.php?rest_route=%2Fwp%2Fv2%2Fcomments&post=3910"}],"version-history":[{"count":1,"href":"https:\/\/www.asukkaidenvantaa.fi\/index.php?rest_route=\/wp\/v2\/posts\/3910\/revisions"}],"predecessor-version":[{"id":3913,"href":"https:\/\/www.asukkaidenvantaa.fi\/index.php?rest_route=\/wp\/v2\/posts\/3910\/revisions\/3913"}],"wp:featuredmedia":[{"embeddable":true,"href":"https:\/\/www.asukkaidenvantaa.fi\/index.php?rest_route=\/wp\/v2\/media\/18"}],"wp:attachment":[{"href":"https:\/\/www.asukkaidenvantaa.fi\/index.php?rest_route=%2Fwp%2Fv2%2Fmedia&parent=3910"}],"wp:term":[{"taxonomy":"category","embeddable":true,"href":"https:\/\/www.asukkaidenvantaa.fi\/index.php?rest_route=%2Fwp%2Fv2%2Fcategories&post=3910"},{"taxonomy":"post_tag","embeddable":true,"href":"https:\/\/www.asukkaidenvantaa.fi\/index.php?rest_route=%2Fwp%2Fv2%2Ftags&post=3910"}],"curies":[{"name":"wp","href":"https:\/\/api.w.org\/{rel}","templated":true}]}}