{"id":39,"date":"2009-02-13T08:39:27","date_gmt":"2009-02-13T08:39:27","guid":{"rendered":"http:\/\/www.asukkaidenvantaa.fi\/?p=39"},"modified":"2012-04-11T08:40:45","modified_gmt":"2012-04-11T08:40:45","slug":"markantalo-boikottiin","status":"publish","type":"post","link":"https:\/\/www.asukkaidenvantaa.fi\/?p=39","title":{"rendered":"Markantalo boikottiin"},"content":{"rendered":"<p>Kone- ja eloktroniikkaketju Markantalossa on syntynyt konflikti luottamusmiehen irtisanomisesta.<\/p>\n<p>Palvelualojen ammattiliitto PAM on Kaupan Liiton kanssa k\u00e4ymiens\u00e4 neuvotteluiden kariuduttua vienyt irtisanomisen ty\u00f6tuomioistuimeen. Torstaina 12.2.09 j\u00e4rjestettiin Markantalon toimipisteiss\u00e4 mielenilmauksia luottamusmiehen ty\u00e4suhteen palauttamiseksi. Liikealan ty\u00f6ntekij\u00e4t kehottavat my\u00f6s asiakkaita tukemaan taistelua boikotoimalla Markantaloa, kunnes  Markantalo palauttaa luottamusmiehen ty\u00f6suhteen ja sallii vapaan ammattiyhdistystoiminnan yrityksess\u00e4\u00e4n.<\/p>\n<h3>Boikotti purkuun<\/h3>\n<p>Palvelualojen ammattiliitto PAM ja Markantalo p\u00e4\u00e4siv\u00e4t 19.2.09 neuvotteluratkaisuun p\u00e4\u00e4luottamusmiehen irtisanomiskiistassa. Luottamusmiehen ty\u00f6suhdetta ei palautettu vaan asia hoidettiin rahalla. Luottamusmiehelle maksettua korvausta osapuolet eiv\u00e4t kerro. Ratkaisu vaikuttaa ep\u00e4ilytt\u00e4v\u00e4lt\u00e4, Markantalohan ei antanut luottamusmiehelle lupaa osallistua liittonsa kurssille vedoten liikkeen huonoon tilanteeseen. Nyt rahaa kuitenkin l\u00f6ytyi. <\/p>\n<p>Toteutuivatko ty\u00f6ntekij\u00f6iden vaatimukset? Paraniko ammattiyhdistystoiminnan tila Markantalossa?<\/p>\n<p><a href=\"\/wp-content\/uploads\/sites\/31\/2012\/04\/markantalo-netti-001.jpg\"><img loading=\"lazy\" decoding=\"async\" src=\"\/wp-content\/uploads\/sites\/31\/2012\/04\/markantalo-netti-001.jpg\" alt=\"\" title=\"markantalo-netti-001\" width=\"500\" height=\"375\" class=\"aligncenter size-full wp-image-40\" srcset=\"https:\/\/www.asukkaidenvantaa.fi\/wp-content\/uploads\/sites\/31\/2012\/04\/markantalo-netti-001.jpg 500w, https:\/\/www.asukkaidenvantaa.fi\/wp-content\/uploads\/sites\/31\/2012\/04\/markantalo-netti-001-300x225.jpg 300w\" sizes=\"auto, (max-width: 500px) 100vw, 500px\" \/><\/a><\/p>\n<p>Mielenosoittajia Markantalon Vantaan toimipaikalla 12.2.2009.<\/p>\n","protected":false},"excerpt":{"rendered":"<p>Kone- ja eloktroniikkaketju Markantalossa on syntynyt konflikti luottamusmiehen irtisanomisesta. Palvelualojen ammattiliitto PAM on Kaupan Liiton kanssa k\u00e4ymiens\u00e4 neuvotteluiden kariuduttua vienyt irtisanomisen ty\u00f6tuomioistuimeen. Torstaina 12.2.09 j\u00e4rjestettiin Markantalon toimipisteiss\u00e4 mielenilmauksia luottamusmiehen ty\u00e4suhteen palauttamiseksi. Liikealan ty\u00f6ntekij\u00e4t kehottavat my\u00f6s asiakkaita tukemaan taistelua boikotoimalla Markantaloa, kunnes Markantalo palauttaa luottamusmiehen ty\u00f6suhteen ja sallii vapaan ammattiyhdistystoiminnan yrityksess\u00e4\u00e4n. Boikotti purkuun Palvelualojen ammattiliitto PAM&hellip;<\/p>\n<p class=\"more-link-p\"><a class=\"more-link\" href=\"https:\/\/www.asukkaidenvantaa.fi\/?p=39\">Lue lis\u00e4\u00e4 \u2192<\/a><\/p>\n","protected":false},"author":5003,"featured_media":40,"comment_status":"open","ping_status":"open","sticky":false,"template":"","format":"standard","meta":{"footnotes":""},"categories":[1],"tags":[15],"class_list":["post-39","post","type-post","status-publish","format-standard","has-post-thumbnail","hentry","category-uncategorized","tag-ay-liike"],"_links":{"self":[{"href":"https:\/\/www.asukkaidenvantaa.fi\/index.php?rest_route=\/wp\/v2\/posts\/39","targetHints":{"allow":["GET"]}}],"collection":[{"href":"https:\/\/www.asukkaidenvantaa.fi\/index.php?rest_route=\/wp\/v2\/posts"}],"about":[{"href":"https:\/\/www.asukkaidenvantaa.fi\/index.php?rest_route=\/wp\/v2\/types\/post"}],"author":[{"embeddable":true,"href":"https:\/\/www.asukkaidenvantaa.fi\/index.php?rest_route=\/wp\/v2\/users\/5003"}],"replies":[{"embeddable":true,"href":"https:\/\/www.asukkaidenvantaa.fi\/index.php?rest_route=%2Fwp%2Fv2%2Fcomments&post=39"}],"version-history":[{"count":2,"href":"https:\/\/www.asukkaidenvantaa.fi\/index.php?rest_route=\/wp\/v2\/posts\/39\/revisions"}],"predecessor-version":[{"id":42,"href":"https:\/\/www.asukkaidenvantaa.fi\/index.php?rest_route=\/wp\/v2\/posts\/39\/revisions\/42"}],"wp:featuredmedia":[{"embeddable":true,"href":"https:\/\/www.asukkaidenvantaa.fi\/index.php?rest_route=\/wp\/v2\/media\/40"}],"wp:attachment":[{"href":"https:\/\/www.asukkaidenvantaa.fi\/index.php?rest_route=%2Fwp%2Fv2%2Fmedia&parent=39"}],"wp:term":[{"taxonomy":"category","embeddable":true,"href":"https:\/\/www.asukkaidenvantaa.fi\/index.php?rest_route=%2Fwp%2Fv2%2Fcategories&post=39"},{"taxonomy":"post_tag","embeddable":true,"href":"https:\/\/www.asukkaidenvantaa.fi\/index.php?rest_route=%2Fwp%2Fv2%2Ftags&post=39"}],"curies":[{"name":"wp","href":"https:\/\/api.w.org\/{rel}","templated":true}]}}