{"id":3894,"date":"2016-10-14T09:05:07","date_gmt":"2016-10-14T09:05:07","guid":{"rendered":"http:\/\/www.asukkaidenvantaa.fi\/?p=3894"},"modified":"2016-10-14T09:05:07","modified_gmt":"2016-10-14T09:05:07","slug":"vantaan-diabeetikot-eivat-hyvaksy-vanhustenhoidon-hoitajamitoituksen-huononnusta","status":"publish","type":"post","link":"https:\/\/www.asukkaidenvantaa.fi\/?p=3894","title":{"rendered":"Vantaan diabeetikot eiv\u00e4t hyv\u00e4ksy vanhustenhoidon hoitajamitoituksen huononnusta"},"content":{"rendered":"<p><strong>Vantaan diabeetikot ottivat yhteytt\u00e4 ministeri Juha Rehulaan ja eduskuntaryhmiin<\/strong><\/p>\n<p>Ohessa P\u00e4\u00e4kaupunkiseudun Diabetesyhdistyksen Vantaan alueosaston kannanotto:<\/p>\n<p>Ministeri Juha Rehula<\/p>\n<p>Asia: Kannanotto vanhusten hoitajamitoitukseen<\/p>\n<p><strong>Vantaan diabeetikot eiv\u00e4t hyv\u00e4ksy vanhusten hoivapalveluiden henkil\u00f6st\u00f6mitoituksen v\u00e4hent\u00e4mist\u00e4 -Arvokas vanhuus on ihmisoikeus<\/strong><\/p>\n<p>Vantaan diabeetikot k\u00e4sitteli tilaisuudessaan 6.10.2016 Suomen hallituksen aietta v\u00e4hent\u00e4\u00e4 vanhusten hoivapalvelujen hoitajien mitoitusta nykyisest\u00e4 minimist\u00e4 0,5 :st\u00e4 hoitajasta 1 vanhusta kohden 0,4:\u00e4\u00e4n hoitajaan vanhusta kohden.<br \/>\nHoivalaitoksissa hoidettaville vanhuksille on taattava asianmukainen ja riitt\u00e4v\u00e4 hoiva. Jo nykyisen henkil\u00f6mitoituksen resursseilla vanhusten hoivasta kuullaan usein hoidon puutteista. On selv\u00e4\u00e4, ett\u00e4 hoitajamitoituksen alentaminen huonontaisi hoivan tasoa ja vaarantaisi asianmukaisen hoidon.<br \/>\nT\u00e4llaista kehityst\u00e4 emme voi sallia. Vanhuksemme ovat hyv\u00e4n hoivan ja hoidon ansainneet.<br \/>\nVanhuspalveluiden siirtyess\u00e4 yh\u00e4 enemm\u00e4n yksityisten yritt\u00e4jien ja osakeyhti\u00f6iden hoidettaviksi on estett\u00e4v\u00e4 tilanne, ett\u00e4 vanhukset muuttuisivat vain voitonteon v\u00e4lineiksi.<br \/>\nMy\u00f6skin hoito- ja hoivalaitoksissa ty\u00f6skentelevien ty\u00f6ntekij\u00f6iden ty\u00f6olosuhteet on pidett\u00e4v\u00e4 tasolla, jolla ty\u00f6ntekij\u00e4 tuntee pystyv\u00e4ns\u00e4 tekem\u00e4\u00e4n ty\u00f6ns\u00e4 hyvin ja eettisesti. Sill\u00e4 turvataan henkil\u00f6kunnan hakeutuminen hoivateht\u00e4viin ja turvataan riitt\u00e4v\u00e4 hoito ja hoiva my\u00f6s tulevaisuudessa.<\/p>\n<p>Vantaalla 6.10.2016<br \/>\nP\u00e4\u00e4kaupunkiseudun Diabetesyhdistys ry<br \/>\nVantaan alueosasto<\/p>\n<p>Vantaan alueosastoon kuuluu noin 1 800 j\u00e4sent\u00e4.<br \/>\nYhdistyksell\u00e4 on vire\u00e4t\u00e4 toimintaa, diabeetikoiden opastusta sek\u00e4 virkistystoimintaa.<br \/>\nDiabeteskerho esimerkiksi kokoontuu joka kuukauden ensimm\u00e4isen\u00e4 torstaina klo 15.30 J\u00e4rjest\u00f6toiminnan keskus Leinikiss\u00e4, Leinikkitie 22, Hiekkaharju. Seuraava kerho 3.11.2016.<\/p>\n","protected":false},"excerpt":{"rendered":"<p>Vantaan diabeetikot ottivat yhteytt\u00e4 ministeri Juha Rehulaan ja eduskuntaryhmiin Ohessa P\u00e4\u00e4kaupunkiseudun Diabetesyhdistyksen Vantaan alueosaston kannanotto: Ministeri Juha Rehula Asia: Kannanotto vanhusten hoitajamitoitukseen Vantaan diabeetikot eiv\u00e4t hyv\u00e4ksy vanhusten hoivapalveluiden henkil\u00f6st\u00f6mitoituksen v\u00e4hent\u00e4mist\u00e4 -Arvokas vanhuus on ihmisoikeus Vantaan diabeetikot k\u00e4sitteli tilaisuudessaan 6.10.2016 Suomen hallituksen aietta v\u00e4hent\u00e4\u00e4 vanhusten hoivapalvelujen hoitajien mitoitusta nykyisest\u00e4 minimist\u00e4 0,5 :st\u00e4 hoitajasta 1 vanhusta kohden&hellip;<\/p>\n<p class=\"more-link-p\"><a class=\"more-link\" href=\"https:\/\/www.asukkaidenvantaa.fi\/?p=3894\">Lue lis\u00e4\u00e4 \u2192<\/a><\/p>\n","protected":false},"author":5003,"featured_media":0,"comment_status":"open","ping_status":"open","sticky":false,"template":"","format":"standard","meta":{"footnotes":""},"categories":[28,355],"tags":[473,474,472,471],"class_list":["post-3894","post","type-post","status-publish","format-standard","hentry","category-mielipiteet","category-ajankohtaisia","tag-diabetes","tag-dibeteskerho","tag-hoitajamitoitus","tag-vanhustenhoito"],"_links":{"self":[{"href":"https:\/\/www.asukkaidenvantaa.fi\/index.php?rest_route=\/wp\/v2\/posts\/3894","targetHints":{"allow":["GET"]}}],"collection":[{"href":"https:\/\/www.asukkaidenvantaa.fi\/index.php?rest_route=\/wp\/v2\/posts"}],"about":[{"href":"https:\/\/www.asukkaidenvantaa.fi\/index.php?rest_route=\/wp\/v2\/types\/post"}],"author":[{"embeddable":true,"href":"https:\/\/www.asukkaidenvantaa.fi\/index.php?rest_route=\/wp\/v2\/users\/5003"}],"replies":[{"embeddable":true,"href":"https:\/\/www.asukkaidenvantaa.fi\/index.php?rest_route=%2Fwp%2Fv2%2Fcomments&post=3894"}],"version-history":[{"count":3,"href":"https:\/\/www.asukkaidenvantaa.fi\/index.php?rest_route=\/wp\/v2\/posts\/3894\/revisions"}],"predecessor-version":[{"id":3909,"href":"https:\/\/www.asukkaidenvantaa.fi\/index.php?rest_route=\/wp\/v2\/posts\/3894\/revisions\/3909"}],"wp:attachment":[{"href":"https:\/\/www.asukkaidenvantaa.fi\/index.php?rest_route=%2Fwp%2Fv2%2Fmedia&parent=3894"}],"wp:term":[{"taxonomy":"category","embeddable":true,"href":"https:\/\/www.asukkaidenvantaa.fi\/index.php?rest_route=%2Fwp%2Fv2%2Fcategories&post=3894"},{"taxonomy":"post_tag","embeddable":true,"href":"https:\/\/www.asukkaidenvantaa.fi\/index.php?rest_route=%2Fwp%2Fv2%2Ftags&post=3894"}],"curies":[{"name":"wp","href":"https:\/\/api.w.org\/{rel}","templated":true}]}}