{"id":3890,"date":"2016-10-13T21:47:18","date_gmt":"2016-10-13T21:47:18","guid":{"rendered":"http:\/\/www.asukkaidenvantaa.fi\/?p=3890"},"modified":"2016-10-13T21:47:18","modified_gmt":"2016-10-13T21:47:18","slug":"tikkurilan-uutiskirje-kaupungin-propagandajulkaisu-taas-ilmestynyt","status":"publish","type":"post","link":"https:\/\/www.asukkaidenvantaa.fi\/?p=3890","title":{"rendered":"Tikkurilan uutiskirje, kaupungin propagandajulkaisu taas ilmestynyt"},"content":{"rendered":"<p><strong>Tikkurilan uutiskirje 6\/2016 on ilmest<\/strong><strong>ynyt<\/strong><\/p>\n<p>T\u00e4m\u00e4 kaupungin julkaisema uutiskirje kertoo vantaalaisille l\u00e4hinn\u00e4 Tikkurilan alueen p\u00e4\u00e4t\u00f6ksist\u00e4 ja tapahtumista. Ja j\u00e4tt\u00e4\u00e4 kiusalliset p\u00e4\u00e4t\u00f6kset kertomatta.<\/p>\n<p><strong>N\u00e4in kerrotaan Tikkurilan aluetoimikunnan p\u00e4\u00e4t\u00f6ksi\u00e4<\/strong><\/p>\n<p>Tikkurilan aluetoimikunnan p\u00e4\u00e4t\u00f6ksist\u00e4 12.10. kerrotaan, ett\u00e4 Vantaa-Seura sai Kirkonkyl\u00e4n joulu-tapahtuman toteuttamiseen 490,00 eur. Tapahtuma on 10.12. Helsingin pit\u00e4j\u00e4n kirkonkyl\u00e4ss\u00e4.<\/p>\n<p>My\u00f6skin Vantaan Syd\u00e4n ry:lle my\u00f6nnettiin 500 eur Iloa El\u00e4m\u00e4\u00e4n!- tapahtumaan. Tapahtuma on 12.11. Hiekkaharjun nuorisotilalla klo 14-16.<\/p>\n<p><strong>Mit\u00e4 j\u00e4tettiin kertomatta<\/strong><\/p>\n<p>Aluetoimikunta hylk\u00e4si <strong>Asunnottomien y\u00f6n tapahtumaan<\/strong> anotun 250,00 euron avustuksen tarjoilun j\u00e4rjest\u00e4miseen. P\u00e4\u00e4t\u00f6s syntyi \u00e4\u00e4nest\u00e4en 5-5, puheenjohtajan \u00e4\u00e4nen ratkaistessa.<\/p>\n<p>My\u00f6skin <strong>Vantaan Rauhanpuolustajat ry:<\/strong>n kaksi avustusanomusta hyl\u00e4ttin.<\/p>\n<p>Puheenjohtajana Tikkurilan aluetoimikunnassa toimii kokoomuslainen professori <strong>Markku Kuula<\/strong>. Kuula on lis\u00e4ksi ymp\u00e4rist\u00f6lautakunnan j\u00e4sen ja sen rakennuslupajaoston j\u00e4sen. Lis\u00e4ksi Kuula on kaupunginvaltuuston ja kaupunkisuunnittelulautakunnan varaj\u00e4sen.<\/p>\n<p>Kunnallisten luottamustoimien lis\u00e4ksi Kuula kuuluu ilmoituksensa mukaan nelj\u00e4n eri yrityksen hallitukseen.<\/p>\n<div id=\"attachment_3891\" style=\"width: 510px\" class=\"wp-caption aligncenter\"><a href=\"http:\/\/www.asukkaidenvantaa.fi\/?attachment_id=3891\" rel=\"attachment wp-att-3891\"><img loading=\"lazy\" decoding=\"async\" aria-describedby=\"caption-attachment-3891\" class=\"size-full wp-image-3891\" src=\"\/wp-content\/uploads\/sites\/31\/2016\/10\/Vantaa-slogansarja-vaaka-julkaisutilaisuus-01-e1476394533278.jpg\" alt=\"Vantaa pyrkii antamaan itsest\u00e4\u00e4n monipuolisen ja reilu kuvan, l\u00e4hes maailman parhaana paikkana. Mutta olemme kaukana siit\u00e4. Mielivalta ja k\u00e4hmint\u00e4 rehoittavat.\" width=\"500\" height=\"353\" \/><\/a><p id=\"caption-attachment-3891\" class=\"wp-caption-text\">Vantaa pyrkii antamaan itsest\u00e4\u00e4n monipuolisen ja reilu kuvan, l\u00e4hes maailman parhaana paikkana. Mutta olemme kaukana siit\u00e4. Mielivalta ja k\u00e4hmint\u00e4 rehoittavat, kokoomus rules.<\/p><\/div>\n<p>&nbsp;<\/p>\n<p>Toki Uutiskirjees\u00e4 kerrotaan monista muistakin tapahtumista, suunnitelmista ja avustuksista.<\/p>\n<p>Esimerkill\u00e4 pyrin osoittamaan Vantaan kaupungin puolueellisen, h\u00e4rskin ja valikoivan tiedottamisen linjan.<\/p>\n<p>Olkaa valppaina, seuratkaa asioita, ottakaa selv\u00e4\u00e4, \u00e4lk\u00e4\u00e4k\u00e4 uskoko sokeasti Vantaan kaupungin tiedottamiseen.<\/p>\n<p><em>Erkki Matinlassi<\/em><\/p>\n<p>&nbsp;<\/p>\n<p>&nbsp;<\/p>\n","protected":false},"excerpt":{"rendered":"<p>Tikkurilan uutiskirje 6\/2016 on ilmestynyt T\u00e4m\u00e4 kaupungin julkaisema uutiskirje kertoo vantaalaisille l\u00e4hinn\u00e4 Tikkurilan alueen p\u00e4\u00e4t\u00f6ksist\u00e4 ja tapahtumista. Ja j\u00e4tt\u00e4\u00e4 kiusalliset p\u00e4\u00e4t\u00f6kset kertomatta. N\u00e4in kerrotaan Tikkurilan aluetoimikunnan p\u00e4\u00e4t\u00f6ksi\u00e4 Tikkurilan aluetoimikunnan p\u00e4\u00e4t\u00f6ksist\u00e4 12.10. kerrotaan, ett\u00e4 Vantaa-Seura sai Kirkonkyl\u00e4n joulu-tapahtuman toteuttamiseen 490,00 eur. Tapahtuma on 10.12. Helsingin pit\u00e4j\u00e4n kirkonkyl\u00e4ss\u00e4. My\u00f6skin Vantaan Syd\u00e4n ry:lle my\u00f6nnettiin 500 eur Iloa El\u00e4m\u00e4\u00e4n!-&hellip;<\/p>\n<p class=\"more-link-p\"><a class=\"more-link\" href=\"https:\/\/www.asukkaidenvantaa.fi\/?p=3890\">Lue lis\u00e4\u00e4 \u2192<\/a><\/p>\n","protected":false},"author":5003,"featured_media":0,"comment_status":"open","ping_status":"open","sticky":false,"template":"","format":"standard","meta":{"footnotes":""},"categories":[355],"tags":[],"class_list":["post-3890","post","type-post","status-publish","format-standard","hentry","category-ajankohtaisia"],"_links":{"self":[{"href":"https:\/\/www.asukkaidenvantaa.fi\/index.php?rest_route=\/wp\/v2\/posts\/3890","targetHints":{"allow":["GET"]}}],"collection":[{"href":"https:\/\/www.asukkaidenvantaa.fi\/index.php?rest_route=\/wp\/v2\/posts"}],"about":[{"href":"https:\/\/www.asukkaidenvantaa.fi\/index.php?rest_route=\/wp\/v2\/types\/post"}],"author":[{"embeddable":true,"href":"https:\/\/www.asukkaidenvantaa.fi\/index.php?rest_route=\/wp\/v2\/users\/5003"}],"replies":[{"embeddable":true,"href":"https:\/\/www.asukkaidenvantaa.fi\/index.php?rest_route=%2Fwp%2Fv2%2Fcomments&post=3890"}],"version-history":[{"count":1,"href":"https:\/\/www.asukkaidenvantaa.fi\/index.php?rest_route=\/wp\/v2\/posts\/3890\/revisions"}],"predecessor-version":[{"id":3892,"href":"https:\/\/www.asukkaidenvantaa.fi\/index.php?rest_route=\/wp\/v2\/posts\/3890\/revisions\/3892"}],"wp:attachment":[{"href":"https:\/\/www.asukkaidenvantaa.fi\/index.php?rest_route=%2Fwp%2Fv2%2Fmedia&parent=3890"}],"wp:term":[{"taxonomy":"category","embeddable":true,"href":"https:\/\/www.asukkaidenvantaa.fi\/index.php?rest_route=%2Fwp%2Fv2%2Fcategories&post=3890"},{"taxonomy":"post_tag","embeddable":true,"href":"https:\/\/www.asukkaidenvantaa.fi\/index.php?rest_route=%2Fwp%2Fv2%2Ftags&post=3890"}],"curies":[{"name":"wp","href":"https:\/\/api.w.org\/{rel}","templated":true}]}}