{"id":3842,"date":"2016-08-27T11:09:23","date_gmt":"2016-08-27T11:09:23","guid":{"rendered":"http:\/\/www.asukkaidenvantaa.fi\/?p=3842"},"modified":"2016-08-27T11:39:17","modified_gmt":"2016-08-27T11:39:17","slug":"joukkovoima-3-9","status":"publish","type":"post","link":"https:\/\/www.asukkaidenvantaa.fi\/?p=3842","title":{"rendered":"Joukkovoimalla loppu leikkauksille 3.9."},"content":{"rendered":"<p><strong>Kolmas Joukkovoima mielenosoitus 3.9. Helsingiss\u00e4<\/strong><\/p>\n<p>Joukkovoima liike ker\u00e4\u00e4 kolmannen kerrran kansanjoukkoja vastustamaan Suomen hallituksen leikkauspolitiikkaa.<\/p>\n<p>Aikasemmat mielenosoitukset elokuussa 2015 ja maaliskuussa 2016 olivat suuria menestyksi\u00e4, noin 10 000 mielenosoittajaa kummassakin. Menestys kertoo tyytym\u00e4tt\u00f6myydest\u00e4 hallituksen leikkauspolitiikkaan. Leikkaukset ovat kohdistuneet erityisesti pienituloisiin ja v\u00e4h\u00e4varaisiin.<\/p>\n<p>Sen sijaan yritykset ovat saaneet huomattavia verokevennyksi\u00e4. My\u00f6s p\u00e4\u00e4omatulojen saajia on k\u00e4sitelty silkkihansikkain.<\/p>\n<p>T\u00e4st\u00e4 syyst\u00e4 Joukkovoima kokoaa taas ihmisi\u00e4 toimimaan politiikan suunnan muuttamiseksi, oman el\u00e4m\u00e4ns\u00e4 turvaamiseksi.<\/p>\n<p><strong>Joukkovoimaliike on puoluepoliittisesti sitoutumaton liike<\/strong><\/p>\n<p>Joukkovoimaliike on voimakkaasti poliittinen liike, onhan sen tarkoitus muuttaa politiikan suuntaa, mutta se ei ole sitoutunut mihink\u00e4\u00e4n poliittiseen puolueeseen. Joukkovoima liike toivottaa mukaan kaikki jotka haluavat muutosta.<a href=\"http:\/\/www.asukkaidenvantaa.fi\/?attachment_id=3860\" rel=\"attachment wp-att-3860\"><img loading=\"lazy\" decoding=\"async\" class=\"aligncenter size-full wp-image-3860\" src=\"\/wp-content\/uploads\/sites\/31\/2016\/08\/13906828_1098560040226042_2459614943255343848_n1-e1472295744859.jpg\" alt=\"13906828_1098560040226042_2459614943255343848_n[1]\" width=\"600\" height=\"594\" \/><\/a><\/p>\n<p><strong>Mit\u00e4 3.9. tapahtuu<\/strong><\/p>\n<p>Joukkovoima 3.9. tapahtuma kokoontuu Helsingin Rautatientorille klo 14. Klo 15 l\u00e4hdet\u00e4\u00e4n marsille EK:n (Elinkeinoel\u00e4m\u00e4n Keskusliitto) ja valtioneuvoston kautta Sinebrychoffin puistoon jossa ohjelmaa ja puheenvuoroja. My\u00f6s Rautatientorilla tapahtuu ennen liikkeelle l\u00e4ht\u00f6\u00e4.<\/p>\n<p><a href=\"http:\/\/www.asukkaidenvantaa.fi\/?attachment_id=3855\" rel=\"attachment wp-att-3855\"><img loading=\"lazy\" decoding=\"async\" class=\"aligncenter size-full wp-image-3855\" src=\"\/wp-content\/uploads\/sites\/31\/2016\/08\/la.-3.9.-Hgin-Rautatientorille.jpg\" alt=\"la. 3.9. Hgin Rautatientorille\" width=\"567\" height=\"802\" srcset=\"https:\/\/www.asukkaidenvantaa.fi\/wp-content\/uploads\/sites\/31\/2016\/08\/la.-3.9.-Hgin-Rautatientorille.jpg 567w, https:\/\/www.asukkaidenvantaa.fi\/wp-content\/uploads\/sites\/31\/2016\/08\/la.-3.9.-Hgin-Rautatientorille-212x300.jpg 212w, https:\/\/www.asukkaidenvantaa.fi\/wp-content\/uploads\/sites\/31\/2016\/08\/la.-3.9.-Hgin-Rautatientorille-560x792.jpg 560w, https:\/\/www.asukkaidenvantaa.fi\/wp-content\/uploads\/sites\/31\/2016\/08\/la.-3.9.-Hgin-Rautatientorille-260x368.jpg 260w, https:\/\/www.asukkaidenvantaa.fi\/wp-content\/uploads\/sites\/31\/2016\/08\/la.-3.9.-Hgin-Rautatientorille-160x226.jpg 160w\" sizes=\"auto, (max-width: 567px) 100vw, 567px\" \/><\/a><\/p>\n<p>&nbsp;<\/p>\n<p>&nbsp;<\/p>\n<p>&nbsp;<\/p>\n<p>&nbsp;<\/p>\n<p>&nbsp;<\/p>\n<p>&nbsp;<\/p>\n<p>&nbsp;<\/p>\n<p>&nbsp;<\/p>\n<p>&nbsp;<\/p>\n<p>&nbsp;<\/p>\n<p>&nbsp;<\/p>\n<p>&nbsp;<\/p>\n<p>&nbsp;<\/p>\n","protected":false},"excerpt":{"rendered":"<p>Kolmas Joukkovoima mielenosoitus 3.9. Helsingiss\u00e4 Joukkovoima liike ker\u00e4\u00e4 kolmannen kerrran kansanjoukkoja vastustamaan Suomen hallituksen leikkauspolitiikkaa. Aikasemmat mielenosoitukset elokuussa 2015 ja maaliskuussa 2016 olivat suuria menestyksi\u00e4, noin 10 000 mielenosoittajaa kummassakin. Menestys kertoo tyytym\u00e4tt\u00f6myydest\u00e4 hallituksen leikkauspolitiikkaan. Leikkaukset ovat kohdistuneet erityisesti pienituloisiin ja v\u00e4h\u00e4varaisiin. Sen sijaan yritykset ovat saaneet huomattavia verokevennyksi\u00e4. My\u00f6s p\u00e4\u00e4omatulojen saajia on k\u00e4sitelty silkkihansikkain.&hellip;<\/p>\n<p class=\"more-link-p\"><a class=\"more-link\" href=\"https:\/\/www.asukkaidenvantaa.fi\/?p=3842\">Lue lis\u00e4\u00e4 \u2192<\/a><\/p>\n","protected":false},"author":5003,"featured_media":3843,"comment_status":"open","ping_status":"open","sticky":false,"template":"","format":"standard","meta":{"footnotes":""},"categories":[35,355],"tags":[],"class_list":["post-3842","post","type-post","status-publish","format-standard","has-post-thumbnail","hentry","category-tapahtumat","category-ajankohtaisia"],"_links":{"self":[{"href":"https:\/\/www.asukkaidenvantaa.fi\/index.php?rest_route=\/wp\/v2\/posts\/3842","targetHints":{"allow":["GET"]}}],"collection":[{"href":"https:\/\/www.asukkaidenvantaa.fi\/index.php?rest_route=\/wp\/v2\/posts"}],"about":[{"href":"https:\/\/www.asukkaidenvantaa.fi\/index.php?rest_route=\/wp\/v2\/types\/post"}],"author":[{"embeddable":true,"href":"https:\/\/www.asukkaidenvantaa.fi\/index.php?rest_route=\/wp\/v2\/users\/5003"}],"replies":[{"embeddable":true,"href":"https:\/\/www.asukkaidenvantaa.fi\/index.php?rest_route=%2Fwp%2Fv2%2Fcomments&post=3842"}],"version-history":[{"count":5,"href":"https:\/\/www.asukkaidenvantaa.fi\/index.php?rest_route=\/wp\/v2\/posts\/3842\/revisions"}],"predecessor-version":[{"id":3870,"href":"https:\/\/www.asukkaidenvantaa.fi\/index.php?rest_route=\/wp\/v2\/posts\/3842\/revisions\/3870"}],"wp:featuredmedia":[{"embeddable":true,"href":"https:\/\/www.asukkaidenvantaa.fi\/index.php?rest_route=\/wp\/v2\/media\/3843"}],"wp:attachment":[{"href":"https:\/\/www.asukkaidenvantaa.fi\/index.php?rest_route=%2Fwp%2Fv2%2Fmedia&parent=3842"}],"wp:term":[{"taxonomy":"category","embeddable":true,"href":"https:\/\/www.asukkaidenvantaa.fi\/index.php?rest_route=%2Fwp%2Fv2%2Fcategories&post=3842"},{"taxonomy":"post_tag","embeddable":true,"href":"https:\/\/www.asukkaidenvantaa.fi\/index.php?rest_route=%2Fwp%2Fv2%2Ftags&post=3842"}],"curies":[{"name":"wp","href":"https:\/\/api.w.org\/{rel}","templated":true}]}}