{"id":3835,"date":"2016-08-22T06:46:05","date_gmt":"2016-08-22T06:46:05","guid":{"rendered":"http:\/\/www.asukkaidenvantaa.fi\/?p=3835"},"modified":"2016-08-22T08:29:56","modified_gmt":"2016-08-22T08:29:56","slug":"rauhanklubit-alkavat-2","status":"publish","type":"post","link":"https:\/\/www.asukkaidenvantaa.fi\/?p=3835","title":{"rendered":"Rauhanklubit alkavat"},"content":{"rendered":"<p><strong>Syksyn ensimm\u00e4inen ma 29.8. klo 18<\/strong><\/p>\n<p>Vantaan Rauhanpuolustajien j\u00e4rjest\u00e4m\u00e4 Vantaan Rauhanklubien sarja starttaa j\u00e4lleen.<\/p>\n<p>Kuukauden viimeisen\u00e4 maanantaina Silkinportissa Tikkurilassa kokoontuva klubi keskustelee ajankohtaisista teemoista, niin kotimaisista kuin kansainv\u00e4lisist\u00e4, asiantuntijoiden alustusten avittamina.<\/p>\n<p>Syksyn 2016 ensimm\u00e4isen Rauhanklubin teemana on Turkin tilanne. Turkin tilanne heijastelee my\u00f6s Suomeen. Pakolaistilanne ja Turkin pyrkimys EU:n j\u00e4seneksi ovat asioita jotka tuntuvat my\u00f6s Suomessa. Ei siis ole yhdentekev\u00e4\u00e4 meillek\u00e4\u00e4n miten Turkin tilanne kehittyy. Siksip\u00e4 siit\u00e4kin on hyv\u00e4 tiet\u00e4\u00e4.<\/p>\n<div id=\"attachment_3838\" style=\"width: 710px\" class=\"wp-caption aligncenter\"><a href=\"http:\/\/www.asukkaidenvantaa.fi\/?attachment_id=3838\" rel=\"attachment wp-att-3838\"><img loading=\"lazy\" decoding=\"async\" aria-describedby=\"caption-attachment-3838\" class=\"size-full wp-image-3838\" src=\"\/wp-content\/uploads\/sites\/31\/2016\/08\/Rauhanklubin-ilmoitus-2-e1471846382529.jpg\" alt=\"Vantaan Rauhanklubin syyskausi alkaa Turkin tilanteen pohtimisella maanantaina 29.8. ja ja jatkoa joka kuukauden viimeisen\u00e4 maanantaina.\" width=\"700\" height=\"358\" \/><\/a><p id=\"caption-attachment-3838\" class=\"wp-caption-text\">Vantaan Rauhanklubin syyskausi alkaa Turkin tilanteen pohtimisella maanantaina 29.8. ja jatkoa joka kuukauden viimeisen\u00e4 maanantaina.<\/p><\/div>\n<p>&nbsp;<\/p>\n<p>&nbsp;<\/p>\n<div id=\"attachment_3839\" style=\"width: 370px\" class=\"wp-caption aligncenter\"><a href=\"http:\/\/www.asukkaidenvantaa.fi\/?attachment_id=3839\" rel=\"attachment wp-att-3839\"><img loading=\"lazy\" decoding=\"async\" aria-describedby=\"caption-attachment-3839\" class=\"size-full wp-image-3839\" src=\"\/wp-content\/uploads\/sites\/31\/2016\/08\/Hossein-Bahmanpour-2-e1440576418431.jpg\" alt=\"Rauhanklubin Turkki teeman alustajat ovat Hossein Bahmanpour, kuvassa ja Eren Aybas joka oli vallankaappausyrityksen aikaan Turkissa ja koki tapahtumat ja tunnelmat henkil\u00f6kohtaisesti.\" width=\"360\" height=\"480\" \/><\/a><p id=\"caption-attachment-3839\" class=\"wp-caption-text\">Rauhanklubin Turkki teeman alustajat ovat Hossein Bahmanpour, kuvassa ja Eren Aybas joka oli vallankaappausyrityksen aikaan Turkissa ja koki tapahtumat ja tunnelmat henkil\u00f6kohtaisesti.<\/p><\/div>\n<p>Rauhanklubit ovat suomenkielisi\u00e4, silloin kun alustaja ei ole Suomen kielen taitoinen tilaisuudet tulkataan.<\/p>\n<p>Rauhanklubilla on pient\u00e4 tarjoilua. Kahvia ja teet\u00e4 pikkupurtavan kera.<\/p>\n<p>Rauhanklubeja tukevat Tikkurilan aluetoimikunta ja Helsinki Pavi.<\/p>\n<p>Vantaan\u00a0Rauhanpuolustajat on <a href=\"http:\/\/www.rauhanpuolustajat.org\/\">Suomen Rauhanpuolustajat ry:n<\/a> j\u00e4senj\u00e4rjest\u00f6, j\u00e4seneksi voi liitty\u00e4 vaikkapa Rauhanklubeissa. J\u00e4senyys ei ole osallistumisen edelletys, tilaisuudet ovat kaikille vapaita ja maksuttomia.<\/p>\n<p>Vantaan Rauhanpuolustajien toimintaa voi seurrata vaikkapa yhdistyksen<a href=\"https:\/\/www.facebook.com\/groups\/5878078897\/?fref=ts\"> Face book sivulla.<\/a><\/p>\n<p>&nbsp;<\/p>\n<p>&nbsp;<\/p>\n<p>&nbsp;<\/p>\n","protected":false},"excerpt":{"rendered":"<p>Syksyn ensimm\u00e4inen ma 29.8. klo 18 Vantaan Rauhanpuolustajien j\u00e4rjest\u00e4m\u00e4 Vantaan Rauhanklubien sarja starttaa j\u00e4lleen. Kuukauden viimeisen\u00e4 maanantaina Silkinportissa Tikkurilassa kokoontuva klubi keskustelee ajankohtaisista teemoista, niin kotimaisista kuin kansainv\u00e4lisist\u00e4, asiantuntijoiden alustusten avittamina. Syksyn 2016 ensimm\u00e4isen Rauhanklubin teemana on Turkin tilanne. Turkin tilanne heijastelee my\u00f6s Suomeen. Pakolaistilanne ja Turkin pyrkimys EU:n j\u00e4seneksi ovat asioita jotka tuntuvat my\u00f6s&hellip;<\/p>\n<p class=\"more-link-p\"><a class=\"more-link\" href=\"https:\/\/www.asukkaidenvantaa.fi\/?p=3835\">Lue lis\u00e4\u00e4 \u2192<\/a><\/p>\n","protected":false},"author":5003,"featured_media":0,"comment_status":"open","ping_status":"open","sticky":false,"template":"","format":"standard","meta":{"footnotes":""},"categories":[35,355],"tags":[464,465,463,461,462],"class_list":["post-3835","post","type-post","status-publish","format-standard","hentry","category-tapahtumat","category-ajankohtaisia","tag-islam","tag-maallisuus","tag-pakolaiset","tag-turkki","tag-vallankaappaus"],"_links":{"self":[{"href":"https:\/\/www.asukkaidenvantaa.fi\/index.php?rest_route=\/wp\/v2\/posts\/3835","targetHints":{"allow":["GET"]}}],"collection":[{"href":"https:\/\/www.asukkaidenvantaa.fi\/index.php?rest_route=\/wp\/v2\/posts"}],"about":[{"href":"https:\/\/www.asukkaidenvantaa.fi\/index.php?rest_route=\/wp\/v2\/types\/post"}],"author":[{"embeddable":true,"href":"https:\/\/www.asukkaidenvantaa.fi\/index.php?rest_route=\/wp\/v2\/users\/5003"}],"replies":[{"embeddable":true,"href":"https:\/\/www.asukkaidenvantaa.fi\/index.php?rest_route=%2Fwp%2Fv2%2Fcomments&post=3835"}],"version-history":[{"count":2,"href":"https:\/\/www.asukkaidenvantaa.fi\/index.php?rest_route=\/wp\/v2\/posts\/3835\/revisions"}],"predecessor-version":[{"id":3841,"href":"https:\/\/www.asukkaidenvantaa.fi\/index.php?rest_route=\/wp\/v2\/posts\/3835\/revisions\/3841"}],"wp:attachment":[{"href":"https:\/\/www.asukkaidenvantaa.fi\/index.php?rest_route=%2Fwp%2Fv2%2Fmedia&parent=3835"}],"wp:term":[{"taxonomy":"category","embeddable":true,"href":"https:\/\/www.asukkaidenvantaa.fi\/index.php?rest_route=%2Fwp%2Fv2%2Fcategories&post=3835"},{"taxonomy":"post_tag","embeddable":true,"href":"https:\/\/www.asukkaidenvantaa.fi\/index.php?rest_route=%2Fwp%2Fv2%2Ftags&post=3835"}],"curies":[{"name":"wp","href":"https:\/\/api.w.org\/{rel}","templated":true}]}}