{"id":3821,"date":"2016-06-21T07:46:55","date_gmt":"2016-06-21T07:46:55","guid":{"rendered":"http:\/\/www.asukkaidenvantaa.fi\/?p=3821"},"modified":"2016-06-21T07:46:55","modified_gmt":"2016-06-21T07:46:55","slug":"vanhukset-vaeston-kasvu-talous-ja-paastot-vantaan-valtuustossa","status":"publish","type":"post","link":"https:\/\/www.asukkaidenvantaa.fi\/?p=3821","title":{"rendered":"Vanhukset, v\u00e4est\u00f6n kasvu, talous ja p\u00e4\u00e4st\u00f6t Vantaan valtuustossa"},"content":{"rendered":"<p><strong>Vantaan valtuusto kes\u00e4lomille monien ongelmien keralla<\/strong><\/p>\n<p>Valtuuston kokous 20.6. keskusteli ja sai selvityksi\u00e4 monista ratkaisua odottavista asioista.<br \/>\n<strong>V\u00e4est\u00f6nkasvu<\/strong><br \/>\nVantaan v\u00e4est\u00f6 kasvaa runsaan rakentamisen vuoksi enn\u00e4tyksellist\u00e4 tahtia. Uudet asukkaat tarvisevat my\u00f6s palveluja. Palvelujen j\u00e4rjest\u00e4miseen on varauduttu talousarviossa. Syksyll\u00e4 palataan viel\u00e4 kikyn (kilpailukyky sopimus) tuomiin taloudellisiin muutoksiin. Leikkaahan kiky julkisen alan lomarahoja 30 %. <\/p>\n<p><strong>Vanhusten palvelut<\/strong><br \/>\nVanhusten m\u00e4\u00e4r\u00e4 v\u00e4est\u00f6st\u00e4 lis\u00e4\u00e4ntyy ja palvelutarve kasvaa. Palveluita kehitet\u00e4\u00e4n siten, ett\u00e4 yh\u00e4 useammat vanhukset tulisivat toimeen kotonaan. Tavoite on, ett\u00e4 75 vuotta t\u00e4ytt\u00e4neist\u00e4 vanhuksista 92,5 % asuu omassa kodissaan. Tavoitteena on, ett\u00e4 asuminen olisi my\u00f6s turvallista.<br \/>\nHaastetta siis riitt\u00e4\u00e4.<\/p>\n<p><strong>P\u00e4\u00e4st\u00f6t<\/strong><br \/>\nVantaan p\u00e4\u00e4st\u00f6t v\u00e4heniv\u00e4t vuonna 2015 4 %. V\u00e4henemiseen vaikuttivat uusi j\u00e4tevoimla sek\u00e4 energian tuotannossa k\u00e4ytett\u00e4vien polttoaineiden keskin\u00e4isen suhteen muutos. Enemm\u00e4n \u00f6ljy\u00e4, v\u00e4hemm\u00e4n kivihiilt\u00e4.<br \/>\nKuitenkin ilmaston muutoksen vaikutuksiin varaudutaan entist\u00e4 enemm\u00e4n, esimerkiksi sateiden ja tulvien varalta. P\u00e4\u00e4st\u00f6v\u00e4hennyksill\u00e4 on entist\u00e4 kiireempi.<\/p>\n<p><strong>Seuraava kokous<\/strong><br \/>\nVantaan valtuusto kokoontuu seuraavan kerran 29.8.2016.<br \/>\n<div id=\"attachment_3822\" style=\"width: 780px\" class=\"wp-caption aligncenter\"><a href=\"http:\/\/www.asukkaidenvantaa.fi\/?attachment_id=3822\" rel=\"attachment wp-att-3822\"><img loading=\"lazy\" decoding=\"async\" aria-describedby=\"caption-attachment-3822\" src=\"\/wp-content\/uploads\/sites\/31\/2016\/06\/Vantaa-taide.jpg\" alt=\"Kes\u00e4n aikana Vantaalta l\u00f6ytyy monenlaista tekemist\u00e4, taidetta ja tapahtumia.\" width=\"770\" height=\"500\" class=\"size-full wp-image-3822\" \/><\/a><p id=\"caption-attachment-3822\" class=\"wp-caption-text\">Kes\u00e4n aikana Vantaalta l\u00f6ytyy monenlaista tekemist\u00e4, taidetta ja tapahtumia.<\/p><\/div>\n","protected":false},"excerpt":{"rendered":"<p>Vantaan valtuusto kes\u00e4lomille monien ongelmien keralla Valtuuston kokous 20.6. keskusteli ja sai selvityksi\u00e4 monista ratkaisua odottavista asioista. V\u00e4est\u00f6nkasvu Vantaan v\u00e4est\u00f6 kasvaa runsaan rakentamisen vuoksi enn\u00e4tyksellist\u00e4 tahtia. Uudet asukkaat tarvisevat my\u00f6s palveluja. Palvelujen j\u00e4rjest\u00e4miseen on varauduttu talousarviossa. Syksyll\u00e4 palataan viel\u00e4 kikyn (kilpailukyky sopimus) tuomiin taloudellisiin muutoksiin. Leikkaahan kiky julkisen alan lomarahoja 30 %. Vanhusten palvelut Vanhusten&hellip;<\/p>\n<p class=\"more-link-p\"><a class=\"more-link\" href=\"https:\/\/www.asukkaidenvantaa.fi\/?p=3821\">Lue lis\u00e4\u00e4 \u2192<\/a><\/p>\n","protected":false},"author":5003,"featured_media":0,"comment_status":"open","ping_status":"open","sticky":false,"template":"","format":"standard","meta":{"footnotes":""},"categories":[355],"tags":[],"class_list":["post-3821","post","type-post","status-publish","format-standard","hentry","category-ajankohtaisia"],"_links":{"self":[{"href":"https:\/\/www.asukkaidenvantaa.fi\/index.php?rest_route=\/wp\/v2\/posts\/3821","targetHints":{"allow":["GET"]}}],"collection":[{"href":"https:\/\/www.asukkaidenvantaa.fi\/index.php?rest_route=\/wp\/v2\/posts"}],"about":[{"href":"https:\/\/www.asukkaidenvantaa.fi\/index.php?rest_route=\/wp\/v2\/types\/post"}],"author":[{"embeddable":true,"href":"https:\/\/www.asukkaidenvantaa.fi\/index.php?rest_route=\/wp\/v2\/users\/5003"}],"replies":[{"embeddable":true,"href":"https:\/\/www.asukkaidenvantaa.fi\/index.php?rest_route=%2Fwp%2Fv2%2Fcomments&post=3821"}],"version-history":[{"count":1,"href":"https:\/\/www.asukkaidenvantaa.fi\/index.php?rest_route=\/wp\/v2\/posts\/3821\/revisions"}],"predecessor-version":[{"id":3823,"href":"https:\/\/www.asukkaidenvantaa.fi\/index.php?rest_route=\/wp\/v2\/posts\/3821\/revisions\/3823"}],"wp:attachment":[{"href":"https:\/\/www.asukkaidenvantaa.fi\/index.php?rest_route=%2Fwp%2Fv2%2Fmedia&parent=3821"}],"wp:term":[{"taxonomy":"category","embeddable":true,"href":"https:\/\/www.asukkaidenvantaa.fi\/index.php?rest_route=%2Fwp%2Fv2%2Fcategories&post=3821"},{"taxonomy":"post_tag","embeddable":true,"href":"https:\/\/www.asukkaidenvantaa.fi\/index.php?rest_route=%2Fwp%2Fv2%2Ftags&post=3821"}],"curies":[{"name":"wp","href":"https:\/\/api.w.org\/{rel}","templated":true}]}}