{"id":3810,"date":"2016-06-01T11:48:33","date_gmt":"2016-06-01T11:48:33","guid":{"rendered":"http:\/\/www.asukkaidenvantaa.fi\/?p=3810"},"modified":"2016-06-01T11:49:58","modified_gmt":"2016-06-01T11:49:58","slug":"varia-asensi-tuuli-ja-aurinkovoimaa-kiinteistoonsa","status":"publish","type":"post","link":"https:\/\/www.asukkaidenvantaa.fi\/?p=3810","title":{"rendered":"Varia asensi tuuli- ja aurinkovoimaa kiinteist\u00f6\u00f6ns\u00e4"},"content":{"rendered":"<p><strong>Uusiutuvien energioiden opetukseen omat pienet tuotantoyksik\u00f6t<\/strong><\/p>\n<p>Uusiutuvat energiamuodot yleistyv\u00e4t vauhdilla. Pysty\u00e4kseen vastaamaan alan opetuksen haasteeseen ammattiopisto Varia Myyrm\u00e4ess\u00e4 asensi katollensa tuuliturbiinin ja aurinkopaneleita.<\/p>\n<p>Omat laitteet helpottavat ja havainnollistavat opetusta.<br \/>\n<div id=\"attachment_3814\" style=\"width: 410px\" class=\"wp-caption aligncenter\"><a href=\"http:\/\/www.asukkaidenvantaa.fi\/?attachment_id=3814\" rel=\"attachment wp-att-3814\"><img loading=\"lazy\" decoding=\"async\" aria-describedby=\"caption-attachment-3814\" src=\"\/wp-content\/uploads\/sites\/31\/2016\/06\/aurinkokennot_respieni-e1464781270911.jpg\" alt=\"Ammattiopisto Varian katolle asennettu aurinkopaneliyksikk\u00f6.\" width=\"400\" height=\"185\" class=\"size-full wp-image-3814\" \/><\/a><p id=\"caption-attachment-3814\" class=\"wp-caption-text\">Ammattiopisto Varian katolle asennettu aurinkopaneliyksikk\u00f6.<\/p><\/div> <div id=\"attachment_3815\" style=\"width: 410px\" class=\"wp-caption aligncenter\"><a href=\"http:\/\/www.asukkaidenvantaa.fi\/?attachment_id=3815\" rel=\"attachment wp-att-3815\"><img loading=\"lazy\" decoding=\"async\" aria-describedby=\"caption-attachment-3815\" src=\"\/wp-content\/uploads\/sites\/31\/2016\/06\/Turbiini_respieni.jpg\" alt=\"Ammattiopisto Varian tuulivoimalan tai tuuliturbiinin masto odottaa asennusta.\" width=\"400\" height=\"292\" class=\"size-full wp-image-3815\" \/><\/a><p id=\"caption-attachment-3815\" class=\"wp-caption-text\">Ammattiopisto Varian tuulivoimalan tai tuuliturbiinin masto odottaa asennusta.<\/p><\/div>\n<p>Varian hanke pohjaa laajempaan Elwis-projektiin jonka tarkoituksena on s\u00e4hk\u00f6tekniikan opetuksen kehitt\u00e4minen. Projektissa on uusiutuvien energioiden lis\u00e4ksi s\u00e4hk\u00f6autot ja mobiilisovellukset.<\/p>\n<p><strong>Omista aurinkovoimaloista apua ilmastonmuutoksen torjuntaan<\/strong><\/p>\n<p>Aurinkopanelien asennus on laajenemassa. Aurinkopaneeleilla tuotettu s\u00e4hk\u00f6 on aurinkopaneelien hintojen voimakkaan halpenemisen vuoksi tullut kannattavaksi. Nykyisin lasketaan hankinnan kuoletusajaksi 10 &#8211; 15 vuotta ja aurinkopanelij\u00e4rjestelm\u00e4n toiminta-ajaksi 40 vuotta.<\/p>\n<p>Pienten omaan k\u00e4ytt\u00f6\u00f6n rakennettujen aurinko- ja miksei tuulivoimaaloiden avulla voitaisiin pienent\u00e4\u00e4 hiilidioksidip\u00e4\u00e4st\u00f6j\u00e4. P\u00e4\u00e4st\u00f6jen v\u00e4hent\u00e4minen ilmastonmuutoksen torjumisessa on v\u00e4ltt\u00e4m\u00e4t\u00f6nt\u00e4. Siihen on t\u00e4hd\u00e4tt\u00e4v\u00e4 sek\u00e4 kansainv\u00e4lisin sopimuksin ja toimin, mutta my\u00f6s pienemm\u00e4t henkil\u00f6kohtaiset teot auttavat asiassa.<\/p>\n","protected":false},"excerpt":{"rendered":"<p>Uusiutuvien energioiden opetukseen omat pienet tuotantoyksik\u00f6t Uusiutuvat energiamuodot yleistyv\u00e4t vauhdilla. Pysty\u00e4kseen vastaamaan alan opetuksen haasteeseen ammattiopisto Varia Myyrm\u00e4ess\u00e4 asensi katollensa tuuliturbiinin ja aurinkopaneleita. Omat laitteet helpottavat ja havainnollistavat opetusta. Varian hanke pohjaa laajempaan Elwis-projektiin jonka tarkoituksena on s\u00e4hk\u00f6tekniikan opetuksen kehitt\u00e4minen. Projektissa on uusiutuvien energioiden lis\u00e4ksi s\u00e4hk\u00f6autot ja mobiilisovellukset. Omista aurinkovoimaloista apua ilmastonmuutoksen torjuntaan Aurinkopanelien asennus&hellip;<\/p>\n<p class=\"more-link-p\"><a class=\"more-link\" href=\"https:\/\/www.asukkaidenvantaa.fi\/?p=3810\">Lue lis\u00e4\u00e4 \u2192<\/a><\/p>\n","protected":false},"author":5003,"featured_media":3811,"comment_status":"open","ping_status":"open","sticky":false,"template":"","format":"standard","meta":{"footnotes":""},"categories":[355],"tags":[454,458,457,455,456],"class_list":["post-3810","post","type-post","status-publish","format-standard","has-post-thumbnail","hentry","category-ajankohtaisia","tag-aurinkoenergia","tag-opetus","tag-sahkotekniikka","tag-tuulivoima","tag-uusiutuva-energia"],"_links":{"self":[{"href":"https:\/\/www.asukkaidenvantaa.fi\/index.php?rest_route=\/wp\/v2\/posts\/3810","targetHints":{"allow":["GET"]}}],"collection":[{"href":"https:\/\/www.asukkaidenvantaa.fi\/index.php?rest_route=\/wp\/v2\/posts"}],"about":[{"href":"https:\/\/www.asukkaidenvantaa.fi\/index.php?rest_route=\/wp\/v2\/types\/post"}],"author":[{"embeddable":true,"href":"https:\/\/www.asukkaidenvantaa.fi\/index.php?rest_route=\/wp\/v2\/users\/5003"}],"replies":[{"embeddable":true,"href":"https:\/\/www.asukkaidenvantaa.fi\/index.php?rest_route=%2Fwp%2Fv2%2Fcomments&post=3810"}],"version-history":[{"count":6,"href":"https:\/\/www.asukkaidenvantaa.fi\/index.php?rest_route=\/wp\/v2\/posts\/3810\/revisions"}],"predecessor-version":[{"id":3819,"href":"https:\/\/www.asukkaidenvantaa.fi\/index.php?rest_route=\/wp\/v2\/posts\/3810\/revisions\/3819"}],"wp:featuredmedia":[{"embeddable":true,"href":"https:\/\/www.asukkaidenvantaa.fi\/index.php?rest_route=\/wp\/v2\/media\/3811"}],"wp:attachment":[{"href":"https:\/\/www.asukkaidenvantaa.fi\/index.php?rest_route=%2Fwp%2Fv2%2Fmedia&parent=3810"}],"wp:term":[{"taxonomy":"category","embeddable":true,"href":"https:\/\/www.asukkaidenvantaa.fi\/index.php?rest_route=%2Fwp%2Fv2%2Fcategories&post=3810"},{"taxonomy":"post_tag","embeddable":true,"href":"https:\/\/www.asukkaidenvantaa.fi\/index.php?rest_route=%2Fwp%2Fv2%2Ftags&post=3810"}],"curies":[{"name":"wp","href":"https:\/\/api.w.org\/{rel}","templated":true}]}}