{"id":3801,"date":"2016-05-24T06:17:25","date_gmt":"2016-05-24T06:17:25","guid":{"rendered":"http:\/\/www.asukkaidenvantaa.fi\/?p=3801"},"modified":"2016-05-24T06:17:25","modified_gmt":"2016-05-24T06:17:25","slug":"vantaalle-ei-kelpaa-bernerin-liikennekaari","status":"publish","type":"post","link":"https:\/\/www.asukkaidenvantaa.fi\/?p=3801","title":{"rendered":"Vantaalle ei kelpaa Bernerin liikennekaari"},"content":{"rendered":"<p><strong> Valmisteilla oleva liikennekaari ei kelpaa Vantaan valtuustolle.<\/strong><\/p>\n<p>Vantaan valtuusto k\u00e4sitteli kokouksessaan 23.5. mm. liikennekysymyksi\u00e4. Maan hallituksen uudet kaavailut voisivat sekoittaa nykyisen kuntien hoitaman joukkoliikenteen<\/p>\n<p>Vantaan valtuuston kokouksessa yten\u00e4 asiana oli lausunnon antaminen ministeri Anne Bernerin (kesk) valmistelemasta liikennekaaresta. Uudessa liikennekaaressa m\u00e4\u00e4ritelt\u00e4isiin mm. tavat hoitaa julkista liikennett\u00e4. Valmistelusta tihkuneista tiedoista suunnitellaan mm. joukkoliikenteen vapauttamista. Eli kuka tahansa voisi alkaa miss\u00e4 tahansa harjoittamaan liikennepalveluiden tarjoamista.<\/p>\n<p>Vantaa esitt\u00e4\u00e4 lausunnossaan lakiluonnoksen palauttamista uudelleen valmisteltavaksi.<\/p>\n<p>Riitt\u00e4\u00e4k\u00f6 Vantaan voima? Toivottavasti liikennekaaren valmistelun palauttamiseksi l\u00f6ytyy tarpeeksi voimia.<\/p>\n<p>Vantaalla kuten koko p\u00e4\u00e4kaupunkiseudulla on k\u00e4yt\u00f6ss\u00e4 j\u00e4rjestelm\u00e4 jossa kunnat saavat j\u00e4rjest\u00e4\u00e4 julkisen liikenteen. T\u00e4t\u00e4 oikeutta suojaa EU:n joukkoliikenteen palveluasetussopimuksen PSA suoja. T\u00e4m\u00e4n romuttaminen sekoittaisi varmuudella p\u00e4\u00e4kaupunkiseudun liikenteen. Viidakon laki ei toimi j\u00e4rjest\u00e4ytyneess\u00e4 yhteiskunnassa.<\/p>\n<p><a href=\"http:\/\/www.asukkaidenvantaa.fi\/?attachment_id=3803\" rel=\"attachment wp-att-3803\"><img loading=\"lazy\" decoding=\"async\" src=\"\/wp-content\/uploads\/sites\/31\/2016\/05\/Flirt-l\u00e4hijuna.jpg\" alt=\"Flirt l\u00e4hijuna\" width=\"276\" height=\"183\" class=\"aligncenter size-full wp-image-3803\" \/><\/a><\/p>\n<p>Osittain my\u00f6s liikenteeseen liittyy Vantaan hyv\u00e4ksym\u00e4 sopimus valtion ja p\u00e4\u00e4kaupunkiseudun kuntien maank\u00e4yt\u00f6st\u00e4. Sopimuksessa mm. Vantaa sitoutuu siihen, ett\u00e4 Vantaalle rakennetaan vuosittain 2 400 asuntoa. &#8221;Vastalahjaksi&#8221; valtio tukee p\u00e4\u00e4kaupunkiseudun joukkoliikennett\u00e4 joillakin miljoonilla vuosittain, t\u00e4ll\u00e4 hetkell\u00e4 19 miljoonalla vuodessa.<\/p>\n","protected":false},"excerpt":{"rendered":"<p>Valmisteilla oleva liikennekaari ei kelpaa Vantaan valtuustolle. Vantaan valtuusto k\u00e4sitteli kokouksessaan 23.5. mm. liikennekysymyksi\u00e4. Maan hallituksen uudet kaavailut voisivat sekoittaa nykyisen kuntien hoitaman joukkoliikenteen Vantaan valtuuston kokouksessa yten\u00e4 asiana oli lausunnon antaminen ministeri Anne Bernerin (kesk) valmistelemasta liikennekaaresta. Uudessa liikennekaaressa m\u00e4\u00e4ritelt\u00e4isiin mm. tavat hoitaa julkista liikennett\u00e4. Valmistelusta tihkuneista tiedoista suunnitellaan mm. joukkoliikenteen vapauttamista. Eli kuka&hellip;<\/p>\n<p class=\"more-link-p\"><a class=\"more-link\" href=\"https:\/\/www.asukkaidenvantaa.fi\/?p=3801\">Lue lis\u00e4\u00e4 \u2192<\/a><\/p>\n","protected":false},"author":5003,"featured_media":0,"comment_status":"open","ping_status":"open","sticky":false,"template":"","format":"standard","meta":{"footnotes":""},"categories":[355],"tags":[453,452],"class_list":["post-3801","post","type-post","status-publish","format-standard","hentry","category-ajankohtaisia","tag-julkinen-liikenne","tag-liikennekaari"],"_links":{"self":[{"href":"https:\/\/www.asukkaidenvantaa.fi\/index.php?rest_route=\/wp\/v2\/posts\/3801","targetHints":{"allow":["GET"]}}],"collection":[{"href":"https:\/\/www.asukkaidenvantaa.fi\/index.php?rest_route=\/wp\/v2\/posts"}],"about":[{"href":"https:\/\/www.asukkaidenvantaa.fi\/index.php?rest_route=\/wp\/v2\/types\/post"}],"author":[{"embeddable":true,"href":"https:\/\/www.asukkaidenvantaa.fi\/index.php?rest_route=\/wp\/v2\/users\/5003"}],"replies":[{"embeddable":true,"href":"https:\/\/www.asukkaidenvantaa.fi\/index.php?rest_route=%2Fwp%2Fv2%2Fcomments&post=3801"}],"version-history":[{"count":5,"href":"https:\/\/www.asukkaidenvantaa.fi\/index.php?rest_route=\/wp\/v2\/posts\/3801\/revisions"}],"predecessor-version":[{"id":3808,"href":"https:\/\/www.asukkaidenvantaa.fi\/index.php?rest_route=\/wp\/v2\/posts\/3801\/revisions\/3808"}],"wp:attachment":[{"href":"https:\/\/www.asukkaidenvantaa.fi\/index.php?rest_route=%2Fwp%2Fv2%2Fmedia&parent=3801"}],"wp:term":[{"taxonomy":"category","embeddable":true,"href":"https:\/\/www.asukkaidenvantaa.fi\/index.php?rest_route=%2Fwp%2Fv2%2Fcategories&post=3801"},{"taxonomy":"post_tag","embeddable":true,"href":"https:\/\/www.asukkaidenvantaa.fi\/index.php?rest_route=%2Fwp%2Fv2%2Ftags&post=3801"}],"curies":[{"name":"wp","href":"https:\/\/api.w.org\/{rel}","templated":true}]}}