{"id":3794,"date":"2016-05-18T08:14:43","date_gmt":"2016-05-18T08:14:43","guid":{"rendered":"http:\/\/www.asukkaidenvantaa.fi\/?p=3794"},"modified":"2016-05-18T08:21:17","modified_gmt":"2016-05-18T08:21:17","slug":"kevaan-viimeinen-vantaan-rauhanklubi","status":"publish","type":"post","link":"https:\/\/www.asukkaidenvantaa.fi\/?p=3794","title":{"rendered":"Kev\u00e4\u00e4n viimeinen Vantaan Rauhanklubi"},"content":{"rendered":"<p><strong>Kev\u00e4tkauden\u00a0viimeisen Rauhanklubin teemana on afrikkalaisen Malin valtion pohjoisosan\u00a0azawadin kansan (tuaregien) ahdinko.<\/strong><\/p>\n<p><strong>Vantaan Rauhanklubi aloittaa syyskauden taas elokuun viimeisen\u00e4 maanantaina (29.8.).<\/strong><\/p>\n<p><strong>Elokuun kuudentena (6.8.) Vantaan Rauhanpuolustajat j\u00e4rjest\u00e4\u00e4 perinteisen Hiroshiman pommituksen muistotilaisuuden Tikkurilassa Veininmyllyn rannassa.<\/strong><\/p>\n<p><a href=\"\/wp-content\/uploads\/sites\/31\/2016\/05\/Vantaan-Rauhanklubi-30.5..jpg\"><img loading=\"lazy\" decoding=\"async\" class=\"aligncenter size-large wp-image-3795\" src=\"\/wp-content\/uploads\/sites\/31\/2016\/05\/Vantaan-Rauhanklubi-30.5.-714x1024.jpg\" alt=\"Vantaan Rauhanklubi 30.5.\" width=\"714\" height=\"1024\" srcset=\"https:\/\/www.asukkaidenvantaa.fi\/wp-content\/uploads\/sites\/31\/2016\/05\/Vantaan-Rauhanklubi-30.5.-714x1024.jpg 714w, https:\/\/www.asukkaidenvantaa.fi\/wp-content\/uploads\/sites\/31\/2016\/05\/Vantaan-Rauhanklubi-30.5.-209x300.jpg 209w, https:\/\/www.asukkaidenvantaa.fi\/wp-content\/uploads\/sites\/31\/2016\/05\/Vantaan-Rauhanklubi-30.5.-768x1101.jpg 768w, https:\/\/www.asukkaidenvantaa.fi\/wp-content\/uploads\/sites\/31\/2016\/05\/Vantaan-Rauhanklubi-30.5.-560x803.jpg 560w, https:\/\/www.asukkaidenvantaa.fi\/wp-content\/uploads\/sites\/31\/2016\/05\/Vantaan-Rauhanklubi-30.5.-260x373.jpg 260w, https:\/\/www.asukkaidenvantaa.fi\/wp-content\/uploads\/sites\/31\/2016\/05\/Vantaan-Rauhanklubi-30.5.-160x229.jpg 160w\" sizes=\"auto, (max-width: 714px) 100vw, 714px\" \/><\/a><\/p>\n","protected":false},"excerpt":{"rendered":"<p>Kev\u00e4tkauden\u00a0viimeisen Rauhanklubin teemana on afrikkalaisen Malin valtion pohjoisosan\u00a0azawadin kansan (tuaregien) ahdinko. Vantaan Rauhanklubi aloittaa syyskauden taas elokuun viimeisen\u00e4 maanantaina (29.8.). Elokuun kuudentena (6.8.) Vantaan Rauhanpuolustajat j\u00e4rjest\u00e4\u00e4 perinteisen Hiroshiman pommituksen muistotilaisuuden Tikkurilassa Veininmyllyn rannassa.<\/p>\n<p class=\"more-link-p\"><a class=\"more-link\" href=\"https:\/\/www.asukkaidenvantaa.fi\/?p=3794\">Lue lis\u00e4\u00e4 \u2192<\/a><\/p>\n","protected":false},"author":5006,"featured_media":0,"comment_status":"open","ping_status":"open","sticky":false,"template":"","format":"standard","meta":{"footnotes":""},"categories":[1],"tags":[],"class_list":["post-3794","post","type-post","status-publish","format-standard","hentry","category-uncategorized"],"_links":{"self":[{"href":"https:\/\/www.asukkaidenvantaa.fi\/index.php?rest_route=\/wp\/v2\/posts\/3794","targetHints":{"allow":["GET"]}}],"collection":[{"href":"https:\/\/www.asukkaidenvantaa.fi\/index.php?rest_route=\/wp\/v2\/posts"}],"about":[{"href":"https:\/\/www.asukkaidenvantaa.fi\/index.php?rest_route=\/wp\/v2\/types\/post"}],"author":[{"embeddable":true,"href":"https:\/\/www.asukkaidenvantaa.fi\/index.php?rest_route=\/wp\/v2\/users\/5006"}],"replies":[{"embeddable":true,"href":"https:\/\/www.asukkaidenvantaa.fi\/index.php?rest_route=%2Fwp%2Fv2%2Fcomments&post=3794"}],"version-history":[{"count":4,"href":"https:\/\/www.asukkaidenvantaa.fi\/index.php?rest_route=\/wp\/v2\/posts\/3794\/revisions"}],"predecessor-version":[{"id":3799,"href":"https:\/\/www.asukkaidenvantaa.fi\/index.php?rest_route=\/wp\/v2\/posts\/3794\/revisions\/3799"}],"wp:attachment":[{"href":"https:\/\/www.asukkaidenvantaa.fi\/index.php?rest_route=%2Fwp%2Fv2%2Fmedia&parent=3794"}],"wp:term":[{"taxonomy":"category","embeddable":true,"href":"https:\/\/www.asukkaidenvantaa.fi\/index.php?rest_route=%2Fwp%2Fv2%2Fcategories&post=3794"},{"taxonomy":"post_tag","embeddable":true,"href":"https:\/\/www.asukkaidenvantaa.fi\/index.php?rest_route=%2Fwp%2Fv2%2Ftags&post=3794"}],"curies":[{"name":"wp","href":"https:\/\/api.w.org\/{rel}","templated":true}]}}