{"id":3765,"date":"2016-04-24T10:11:49","date_gmt":"2016-04-24T10:11:49","guid":{"rendered":"http:\/\/www.asukkaidenvantaa.fi\/?p=3765"},"modified":"2016-04-24T10:11:49","modified_gmt":"2016-04-24T10:11:49","slug":"ala-valita-alkoholia-alaikaiselle","status":"publish","type":"post","link":"https:\/\/www.asukkaidenvantaa.fi\/?p=3765","title":{"rendered":"\u00c4l\u00e4 v\u00e4lit\u00e4 alkoholia alaik\u00e4iselle!"},"content":{"rendered":"<p><strong>Vappu ja koulunp\u00e4\u00e4tt\u00e4j\u00e4isten aika on juhlien aikaa.<\/strong><\/p>\n<p>Juhlimiseen liittyy usein my\u00f6s alkoholin nauttimista. Samaan ajankohtaan on ajoitettu my\u00f6s kampanja: \u00c4l\u00e4 v\u00e4lit\u00e4 alkoholia alaik\u00e4iselle.<\/p>\n<p>Kampanjan tarkoituksena on her\u00e4tell\u00e4 aikuisia, vanhempia ja t\u00e4ysi-ik\u00e4isi\u00e4 nuoria alkoholin v\u00e4litt\u00e4misest\u00e4 alaik\u00e4isille. \u00d3n hyv\u00e4 muistaa, ett\u00e4 alkoholin v\u00e4litt\u00e4minen alaik\u00e4iselle on laitonta.<\/p>\n<p>Kampanjassa yritet\u00e4\u00e4n tavoittaa nuoria mm. Twitteriss\u00e4. My\u00f6s kauppaliikkeet ovat l\u00e4hteneet mukaan kampanjaan ja kaupoissa myyj\u00e4t kiinnitt\u00e4v\u00e4t rintaansa &#8221;Skarppi kassa&#8221; rintamerkit.<\/p>\n<div id=\"attachment_3767\" style=\"width: 310px\" class=\"wp-caption aligncenter\"><a href=\"http:\/\/www.asukkaidenvantaa.fi\/?attachment_id=3767\" rel=\"attachment wp-att-3767\"><img loading=\"lazy\" decoding=\"async\" aria-describedby=\"caption-attachment-3767\" src=\"\/wp-content\/uploads\/sites\/31\/2016\/04\/lapinkulta_300.jpg\" alt=\"Vapun ja koulun lopettajaisten aikoihin kampanjoidaan &quot;\u00c4l\u00e4 v\u00e4lit\u00e4 alkoholia alaik\u00e4iselle&quot; teemalla. Aikuiset ja vanhemmat se\u00e4 t\u00e4ysi-ik\u00e4iset nuoret hr\u00e4tell\u00e4\u00e4n tuntemaan vastuunsa.\" width=\"300\" height=\"199\" class=\"size-full wp-image-3767\" \/><\/a><p id=\"caption-attachment-3767\" class=\"wp-caption-text\">Vapun ja koulun lopettajaisten aikoihin kampanjoidaan &#8221;\u00c4l\u00e4 v\u00e4lit\u00e4 alkoholia alaik\u00e4iselle&#8221; teemalla. Aikuiset ja vanhemmat se\u00e4 t\u00e4ysi-ik\u00e4iset nuoret hr\u00e4tell\u00e4\u00e4n tuntemaan vastuunsa.<\/p><\/div>\n<p>My\u00f6s viranomaiset, nuoriso- ja liikuntapalvelut, poliisi ja Aluehallintovirasto ovat mukana kampanjassa.<\/p>\n<p>Alaik\u00e4isten alkoholink\u00e4ytt\u00f6 on lis\u00e4\u00e4ntynyt, siit\u00e4 kertoo &#8221;\u00c4l\u00e4 v\u00e4lit\u00e4 alkoholia alaik\u00e4iselle&#8221; kampanjan paisuminen n\u00e4in suureksi.<\/p>\n<p>Toivottavasti vastuullisuutta l\u00f6ytyy niin alkoholin v\u00e4lityksess\u00e4 kuin sen nauttimisessakin.<br \/>\nSill\u00e4 v\u00e4ltet\u00e4\u00e4n murheita.<\/p>\n","protected":false},"excerpt":{"rendered":"<p>Vappu ja koulunp\u00e4\u00e4tt\u00e4j\u00e4isten aika on juhlien aikaa. Juhlimiseen liittyy usein my\u00f6s alkoholin nauttimista. Samaan ajankohtaan on ajoitettu my\u00f6s kampanja: \u00c4l\u00e4 v\u00e4lit\u00e4 alkoholia alaik\u00e4iselle. Kampanjan tarkoituksena on her\u00e4tell\u00e4 aikuisia, vanhempia ja t\u00e4ysi-ik\u00e4isi\u00e4 nuoria alkoholin v\u00e4litt\u00e4misest\u00e4 alaik\u00e4isille. \u00d3n hyv\u00e4 muistaa, ett\u00e4 alkoholin v\u00e4litt\u00e4minen alaik\u00e4iselle on laitonta. Kampanjassa yritet\u00e4\u00e4n tavoittaa nuoria mm. Twitteriss\u00e4. My\u00f6s kauppaliikkeet ovat l\u00e4hteneet mukaan&hellip;<\/p>\n<p class=\"more-link-p\"><a class=\"more-link\" href=\"https:\/\/www.asukkaidenvantaa.fi\/?p=3765\">Lue lis\u00e4\u00e4 \u2192<\/a><\/p>\n","protected":false},"author":5003,"featured_media":0,"comment_status":"open","ping_status":"open","sticky":false,"template":"","format":"standard","meta":{"footnotes":""},"categories":[355],"tags":[448,447],"class_list":["post-3765","post","type-post","status-publish","format-standard","hentry","category-ajankohtaisia","tag-alaikainen","tag-alkoholi"],"_links":{"self":[{"href":"https:\/\/www.asukkaidenvantaa.fi\/index.php?rest_route=\/wp\/v2\/posts\/3765","targetHints":{"allow":["GET"]}}],"collection":[{"href":"https:\/\/www.asukkaidenvantaa.fi\/index.php?rest_route=\/wp\/v2\/posts"}],"about":[{"href":"https:\/\/www.asukkaidenvantaa.fi\/index.php?rest_route=\/wp\/v2\/types\/post"}],"author":[{"embeddable":true,"href":"https:\/\/www.asukkaidenvantaa.fi\/index.php?rest_route=\/wp\/v2\/users\/5003"}],"replies":[{"embeddable":true,"href":"https:\/\/www.asukkaidenvantaa.fi\/index.php?rest_route=%2Fwp%2Fv2%2Fcomments&post=3765"}],"version-history":[{"count":2,"href":"https:\/\/www.asukkaidenvantaa.fi\/index.php?rest_route=\/wp\/v2\/posts\/3765\/revisions"}],"predecessor-version":[{"id":3769,"href":"https:\/\/www.asukkaidenvantaa.fi\/index.php?rest_route=\/wp\/v2\/posts\/3765\/revisions\/3769"}],"wp:attachment":[{"href":"https:\/\/www.asukkaidenvantaa.fi\/index.php?rest_route=%2Fwp%2Fv2%2Fmedia&parent=3765"}],"wp:term":[{"taxonomy":"category","embeddable":true,"href":"https:\/\/www.asukkaidenvantaa.fi\/index.php?rest_route=%2Fwp%2Fv2%2Fcategories&post=3765"},{"taxonomy":"post_tag","embeddable":true,"href":"https:\/\/www.asukkaidenvantaa.fi\/index.php?rest_route=%2Fwp%2Fv2%2Ftags&post=3765"}],"curies":[{"name":"wp","href":"https:\/\/api.w.org\/{rel}","templated":true}]}}