{"id":3724,"date":"2016-03-07T16:35:59","date_gmt":"2016-03-07T16:35:59","guid":{"rendered":"http:\/\/www.asukkaidenvantaa.fi\/?p=3724"},"modified":"2016-03-07T16:35:59","modified_gmt":"2016-03-07T16:35:59","slug":"tuomelan-koulukiista-uuteen-vaiheeseen","status":"publish","type":"post","link":"https:\/\/www.asukkaidenvantaa.fi\/?p=3724","title":{"rendered":"Tuomelan koulukiista uuteen vaiheeseen"},"content":{"rendered":"<p><strong>Kansalaisaloite valtuustolle.<\/strong><\/p>\n<p>Alueen asukkaat ovat taistelleet lastensa koulun olemassaolosta jo usean vuoden ajan.<\/p>\n<p>Viimeisin veto oli kansalaisaloitteen ker\u00e4\u00e4minen Tuomelan koulun puolesta. Viiden tuhannen nimen aloite luovutettiin Vantaan valtuustoryhmien edustajille t\u00e4n\u00e4\u00e4n.<\/p>\n<p>Vantaan suuret puolueet, sosialidemokraatit ja kokoomus esittiv\u00e4t luovutustilaisuudessa  poliittista jargonia, uskaltamatta ottaa kantaa itse asiaan.<\/p>\n<p>Perussuomalaiset, vihre\u00e4t ja vasemmistoliitto ilmoittivat olevansa asukkaiden kanssa samaa mielt\u00e4 ja puolustavansa Tuomelan koulua my\u00f6s tulevissa k\u00e4sittelyiss\u00e4.<\/p>\n<p>Kansalaisaloite on k\u00e4sitelt\u00e4v\u00e4 kuuden kuukauden kuluessa sen vastaanotosta.<br \/>\n<div id=\"attachment_3725\" style=\"width: 710px\" class=\"wp-caption aligncenter\"><a href=\"\/wp-content\/uploads\/sites\/31\/2016\/03\/Tuomela-2-e1457367370932.jpg\"><img loading=\"lazy\" decoding=\"async\" aria-describedby=\"caption-attachment-3725\" src=\"\/wp-content\/uploads\/sites\/31\/2016\/03\/Tuomela-2-e1457367370932.jpg\" alt=\"Tuomelan koulun puolustajat luovuttamassa kansalaisaliotetta Vantaan valtuustoryhmien edustajille 7.3.2016.\" width=\"700\" height=\"525\" class=\"size-full wp-image-3725\" \/><\/a><p id=\"caption-attachment-3725\" class=\"wp-caption-text\">Tuomelan koulun puolustajat luovuttamassa kansalaisaliotetta Vantaan valtuustoryhmien edustajille 7.3.2016.<\/p><\/div>\n<p>Kaikki valtuustoryhm\u00e4t kiitteliv\u00e4t kilvan kansalaisaloitteen ker\u00e4\u00e4ji\u00e4 aktiivisesta toiminnasta. N\u00e4ht\u00e4v\u00e4ksi j\u00e4\u00e4 loppuuko kuntademokratia j\u00e4lleen kerran kauniisiin kiitoksiin vai otetaanko asukkaiden mielipide oikeasti huomioon.<\/p>\n<p>L\u00e4nsi-Vantaan koulujen sis\u00e4ilmatilanne on jatkuvasti huonontunut ja erilaisia tutkimuksia tilanteesta on k\u00e4ynniss\u00e4. Tuomelan koulussa ei sis\u00e4ilmaongelmia ole havaittu.<br \/>\n<div id=\"attachment_3727\" style=\"width: 710px\" class=\"wp-caption aligncenter\"><a href=\"\/wp-content\/uploads\/sites\/31\/2016\/03\/20131015_160633-e1457367931413.jpg\"><img loading=\"lazy\" decoding=\"async\" aria-describedby=\"caption-attachment-3727\" src=\"\/wp-content\/uploads\/sites\/31\/2016\/03\/20131015_160633-e1457367931413.jpg\" alt=\"Kuva syksylt\u00e4 2013 jolloin kamppailu Tuomelan koulun puolesta alkoi jo saada kansaa liikkeelle. Ja liike jatkuu, voittoon asti.\" width=\"700\" height=\"525\" class=\"size-full wp-image-3727\" \/><\/a><p id=\"caption-attachment-3727\" class=\"wp-caption-text\">Kuva syksylt\u00e4 2013 jolloin kamppailu Tuomelan koulun puolesta alkoi jo saada kansaa liikkeelle. Ja liike jatkuu, toivottavasti voittoon asti.<\/p><\/div>\n","protected":false},"excerpt":{"rendered":"<p>Kansalaisaloite valtuustolle. Alueen asukkaat ovat taistelleet lastensa koulun olemassaolosta jo usean vuoden ajan. Viimeisin veto oli kansalaisaloitteen ker\u00e4\u00e4minen Tuomelan koulun puolesta. Viiden tuhannen nimen aloite luovutettiin Vantaan valtuustoryhmien edustajille t\u00e4n\u00e4\u00e4n. Vantaan suuret puolueet, sosialidemokraatit ja kokoomus esittiv\u00e4t luovutustilaisuudessa poliittista jargonia, uskaltamatta ottaa kantaa itse asiaan. Perussuomalaiset, vihre\u00e4t ja vasemmistoliitto ilmoittivat olevansa asukkaiden kanssa samaa mielt\u00e4&hellip;<\/p>\n<p class=\"more-link-p\"><a class=\"more-link\" href=\"https:\/\/www.asukkaidenvantaa.fi\/?p=3724\">Lue lis\u00e4\u00e4 \u2192<\/a><\/p>\n","protected":false},"author":5003,"featured_media":0,"comment_status":"open","ping_status":"open","sticky":false,"template":"","format":"standard","meta":{"footnotes":""},"categories":[355],"tags":[],"class_list":["post-3724","post","type-post","status-publish","format-standard","hentry","category-ajankohtaisia"],"_links":{"self":[{"href":"https:\/\/www.asukkaidenvantaa.fi\/index.php?rest_route=\/wp\/v2\/posts\/3724","targetHints":{"allow":["GET"]}}],"collection":[{"href":"https:\/\/www.asukkaidenvantaa.fi\/index.php?rest_route=\/wp\/v2\/posts"}],"about":[{"href":"https:\/\/www.asukkaidenvantaa.fi\/index.php?rest_route=\/wp\/v2\/types\/post"}],"author":[{"embeddable":true,"href":"https:\/\/www.asukkaidenvantaa.fi\/index.php?rest_route=\/wp\/v2\/users\/5003"}],"replies":[{"embeddable":true,"href":"https:\/\/www.asukkaidenvantaa.fi\/index.php?rest_route=%2Fwp%2Fv2%2Fcomments&post=3724"}],"version-history":[{"count":6,"href":"https:\/\/www.asukkaidenvantaa.fi\/index.php?rest_route=\/wp\/v2\/posts\/3724\/revisions"}],"predecessor-version":[{"id":3732,"href":"https:\/\/www.asukkaidenvantaa.fi\/index.php?rest_route=\/wp\/v2\/posts\/3724\/revisions\/3732"}],"wp:attachment":[{"href":"https:\/\/www.asukkaidenvantaa.fi\/index.php?rest_route=%2Fwp%2Fv2%2Fmedia&parent=3724"}],"wp:term":[{"taxonomy":"category","embeddable":true,"href":"https:\/\/www.asukkaidenvantaa.fi\/index.php?rest_route=%2Fwp%2Fv2%2Fcategories&post=3724"},{"taxonomy":"post_tag","embeddable":true,"href":"https:\/\/www.asukkaidenvantaa.fi\/index.php?rest_route=%2Fwp%2Fv2%2Ftags&post=3724"}],"curies":[{"name":"wp","href":"https:\/\/api.w.org\/{rel}","templated":true}]}}