{"id":3707,"date":"2016-01-19T10:36:47","date_gmt":"2016-01-19T10:36:47","guid":{"rendered":"http:\/\/www.asukkaidenvantaa.fi\/?p=3707"},"modified":"2016-01-19T10:36:47","modified_gmt":"2016-01-19T10:36:47","slug":"vantaan-sosiaali-ja-terveyslautakunta-ei-lahtenyt-30-n-maksujen-korotuksiin","status":"publish","type":"post","link":"https:\/\/www.asukkaidenvantaa.fi\/?p=3707","title":{"rendered":"Vantaan sosiaali- ja terveyslautakunta ei l\u00e4htenyt 30 %:n maksujen korotuksiin"},"content":{"rendered":"<p><strong>Kokoomuslaisen apulaiskaupunginjohtaja Jukka T. Salmisen esitys terveydenhuollon 30 % maksujen korotuksista ei mennyt l\u00e4pi lautakunnassa.<\/strong><\/p>\n<p>Lautakunta hyv\u00e4ksyi maksuihin vain indeksikorotukset. Maksuja tarkistetaan kahden vuoden v\u00e4lein ja korotetaan (yleens\u00e4) elinkustannusindeksin nousun verran. T\u00e4ll\u00e4 kerralla indeksikorotus oli 1,74 %.<br \/>\nValtio antoi kunnille mahdollisuuden korottaa maksuja noin 30 %. Maksuja on korotettu monissa kunnissa sallittu kokonaism\u00e4\u00e4r\u00e4.<br \/>\nN\u00e4ytt\u00e4\u00e4 silt\u00e4, ett\u00e4 p\u00e4\u00e4kaupunkiseudun isot kunnat eiv\u00e4t korota maksuja indeksi\u00e4 enemp\u00e4\u00e4.<\/p>\n<p>Maksuista yleisin terveyskeskusl\u00e4\u00e4k\u00e4rill\u00e4 k\u00e4ynnin maksu nousee nykyisest\u00e4 16,10 eurosta 16,40 euroon.<br \/>\nUudet maksut tulevat voimaan 1.2.2016 alkaen.<\/p>\n<p>Ainoa maksu jossa koko korotusmahdollisuus Vantaalla otetaan k\u00e4ytt\u00f6n on ilman hyv\u00e4ksytt\u00e4v\u00e4\u00e4 syyt\u00e4 k\u00e4ytt\u00e4m\u00e4tt\u00e4 j\u00e4tetty l\u00e4\u00e4k\u00e4rin vastaanottoaika. Sen maksu nousee nykyisest\u00e4 39,60 eurosta 51,40 euroon.<\/p>\n<div id=\"attachment_3712\" style=\"width: 535px\" class=\"wp-caption aligncenter\"><a href=\"\/wp-content\/uploads\/sites\/31\/2016\/01\/Kuvia-Vantaalta-2008-15-e1453197385701.jpg\"><img loading=\"lazy\" decoding=\"async\" aria-describedby=\"caption-attachment-3712\" src=\"\/wp-content\/uploads\/sites\/31\/2016\/01\/Kuvia-Vantaalta-2008-15-e1453197385701.jpg\" alt=\"Maanantaina 18.1. \u00e4\u00e4nestettiin Vantaan sosiaali- ja terveyslautakunnassa terveydenhuollon palvelumaksuista. Kokoomuksen korotuslinja k\u00e4rsi tappion.\" width=\"525\" height=\"700\" class=\"size-full wp-image-3712\" \/><\/a><p id=\"caption-attachment-3712\" class=\"wp-caption-text\">Maanantaina 18.1. \u00e4\u00e4nestettiin Vantaan sosiaali- ja terveyslautakunnassa terveydenhuollon palvelumaksuista. Kokoomuksen korotuslinja k\u00e4rsi tappion.<\/p><\/div>\n<p><strong>Korotuksista \u00e4\u00e4nestettiin<\/strong><\/p>\n<p>Korotukset eiv\u00e4t menneet l\u00e4pi ilman \u00e4\u00e4nestyst\u00e4. 11 j\u00e4sent\u00e4 kannatti vain indeksin mukaista korotusta, 5 j\u00e4sent\u00e4 kannatti kokoomuslaisen apulaiskaupunginjohtajan 30 %:n korotusta ja 1 j\u00e4sen \u00e4\u00e4nesti tyhj\u00e4\u00e4.<br \/>\nRoiman korotuksen kannalla olleet 5 lautakunnan j\u00e4sent\u00e4 olivat kokoomuksen ja rkp:n edustajat, indeksikorotuksen mukaisen korotuksen takana olivat sosdem, perussuomalaiset ja vihre\u00e4t edustajat ja tyhj\u00e4\u00e4 \u00e4\u00e4nesti Antero Eerola vas. Eerolan oma esitys oli, ett\u00e4 maksuja ei koroteta lainkaan.<\/p>\n<p>Asukkaidenvantaa.fi ennusti aiemmin, ett\u00e4 Vantaa tulee hyv\u00e4ksym\u00e4\u00e4n huippukorotukset. Onneksi olimme t\u00e4ss\u00e4 asiassa v\u00e4\u00e4r\u00e4ss\u00e4.<br \/>\nVantaan palvelutuotannossa tulee kuitenkin tapahtumaan heikennyksi\u00e4 meneill\u00e4\u00e4n olevana budjettikautena. Vantaan v\u00e4kiluku lis\u00e4\u00e4ntyy voimakkaasti, mutta palvelutuotannon voimavaroja ei lis\u00e4tty v\u00e4est\u00f6n lis\u00e4\u00e4ntymist\u00e4 vastaavasti. T\u00e4m\u00e4 heijastuu kuntalaisten palveluun heikent\u00e4v\u00e4sti.<\/p>\n","protected":false},"excerpt":{"rendered":"<p>Kokoomuslaisen apulaiskaupunginjohtaja Jukka T. Salmisen esitys terveydenhuollon 30 % maksujen korotuksista ei mennyt l\u00e4pi lautakunnassa. Lautakunta hyv\u00e4ksyi maksuihin vain indeksikorotukset. Maksuja tarkistetaan kahden vuoden v\u00e4lein ja korotetaan (yleens\u00e4) elinkustannusindeksin nousun verran. T\u00e4ll\u00e4 kerralla indeksikorotus oli 1,74 %. Valtio antoi kunnille mahdollisuuden korottaa maksuja noin 30 %. Maksuja on korotettu monissa kunnissa sallittu kokonaism\u00e4\u00e4r\u00e4. N\u00e4ytt\u00e4\u00e4 silt\u00e4,&hellip;<\/p>\n<p class=\"more-link-p\"><a class=\"more-link\" href=\"https:\/\/www.asukkaidenvantaa.fi\/?p=3707\">Lue lis\u00e4\u00e4 \u2192<\/a><\/p>\n","protected":false},"author":5003,"featured_media":0,"comment_status":"open","ping_status":"open","sticky":false,"template":"","format":"standard","meta":{"footnotes":""},"categories":[355],"tags":[],"class_list":["post-3707","post","type-post","status-publish","format-standard","hentry","category-ajankohtaisia"],"_links":{"self":[{"href":"https:\/\/www.asukkaidenvantaa.fi\/index.php?rest_route=\/wp\/v2\/posts\/3707","targetHints":{"allow":["GET"]}}],"collection":[{"href":"https:\/\/www.asukkaidenvantaa.fi\/index.php?rest_route=\/wp\/v2\/posts"}],"about":[{"href":"https:\/\/www.asukkaidenvantaa.fi\/index.php?rest_route=\/wp\/v2\/types\/post"}],"author":[{"embeddable":true,"href":"https:\/\/www.asukkaidenvantaa.fi\/index.php?rest_route=\/wp\/v2\/users\/5003"}],"replies":[{"embeddable":true,"href":"https:\/\/www.asukkaidenvantaa.fi\/index.php?rest_route=%2Fwp%2Fv2%2Fcomments&post=3707"}],"version-history":[{"count":7,"href":"https:\/\/www.asukkaidenvantaa.fi\/index.php?rest_route=\/wp\/v2\/posts\/3707\/revisions"}],"predecessor-version":[{"id":3715,"href":"https:\/\/www.asukkaidenvantaa.fi\/index.php?rest_route=\/wp\/v2\/posts\/3707\/revisions\/3715"}],"wp:attachment":[{"href":"https:\/\/www.asukkaidenvantaa.fi\/index.php?rest_route=%2Fwp%2Fv2%2Fmedia&parent=3707"}],"wp:term":[{"taxonomy":"category","embeddable":true,"href":"https:\/\/www.asukkaidenvantaa.fi\/index.php?rest_route=%2Fwp%2Fv2%2Fcategories&post=3707"},{"taxonomy":"post_tag","embeddable":true,"href":"https:\/\/www.asukkaidenvantaa.fi\/index.php?rest_route=%2Fwp%2Fv2%2Ftags&post=3707"}],"curies":[{"name":"wp","href":"https:\/\/api.w.org\/{rel}","templated":true}]}}