{"id":3700,"date":"2016-01-17T11:27:47","date_gmt":"2016-01-17T11:27:47","guid":{"rendered":"http:\/\/www.asukkaidenvantaa.fi\/?p=3700"},"modified":"2016-01-17T11:27:47","modified_gmt":"2016-01-17T11:27:47","slug":"ilkivalta-valinpitamattomyytta-vai-ajattelemattomuutta","status":"publish","type":"post","link":"https:\/\/www.asukkaidenvantaa.fi\/?p=3700","title":{"rendered":"Ilkivalta, v\u00e4linpit\u00e4m\u00e4tt\u00f6myytt\u00e4 vai ajattelemattomuutta"},"content":{"rendered":"<p><strong>Ymp\u00e4rist\u00f6n turmeleminen on tyhm\u00e4\u00e4<\/strong><\/p>\n<p>Pikku esimerkki ilkivallasta. Heurekan silta Tikkurilassa.<br \/>\nSillan kaiteisiin asennettiin kivat valolyhdyt valaisemaan kulkua. Lyhdyt kivitettiin tai rikottiin jatkuvasti. Alla vuonna 2011 otettu kuva rikotuista alaisimista.<\/p>\n<div id=\"attachment_3701\" style=\"width: 710px\" class=\"wp-caption aligncenter\"><a href=\"\/wp-content\/uploads\/sites\/31\/2016\/01\/Torilla-tavataan-Tikkurila-010-e1453028751700.jpg\"><img loading=\"lazy\" decoding=\"async\" aria-describedby=\"caption-attachment-3701\" src=\"\/wp-content\/uploads\/sites\/31\/2016\/01\/Torilla-tavataan-Tikkurila-010-e1453028751700.jpg\" alt=\"Heurekan sillalta Tikkurilassa sillan rikotut valaisimet. \" width=\"700\" height=\"525\" class=\"size-full wp-image-3701\" \/><\/a><p id=\"caption-attachment-3701\" class=\"wp-caption-text\">Heurekan sillalta Tikkurilassa sillan rikotut valaisimet. Kuva vuodelta 2011.<\/p><\/div>\n<p>Jatkuvan ilkivallan takia valaisimet poistettiin ja t\u00e4lt\u00e4 n\u00e4ytt\u00e4\u00e4 nyt:<\/p>\n<div id=\"attachment_3703\" style=\"width: 710px\" class=\"wp-caption aligncenter\"><a href=\"\/wp-content\/uploads\/sites\/31\/2016\/01\/Heurekan-sillan-valaisimet-2016-e1453029324306.jpg\"><img loading=\"lazy\" decoding=\"async\" aria-describedby=\"caption-attachment-3703\" src=\"\/wp-content\/uploads\/sites\/31\/2016\/01\/Heurekan-sillan-valaisimet-2016-e1453029324306.jpg\" alt=\"Heurekan sillan valaisimet vuoden 2016 alussa. Muutos alkuper\u00e4iseen on sek\u00e4 rumempi ett\u00e4 ep\u00e4viihtyis\u00e4mpi. Lyhtyjen rikkojat miettik\u00e4\u00e4 aikaansaannostanne.\" width=\"700\" height=\"525\" class=\"size-full wp-image-3703\" \/><\/a><p id=\"caption-attachment-3703\" class=\"wp-caption-text\">Heurekan sillan valaisimet vuoden 2016 alussa. Muutos alkuper\u00e4iseen on sek\u00e4 rumempi ett\u00e4 ep\u00e4viihtyis\u00e4mpi. Lyhtyjen rikkojat miettik\u00e4\u00e4 aikaansaannostanne.<\/p><\/div>\n<p>T\u00e4m\u00e4nkaltaiseen ilkivaltaan t\u00f6rm\u00e4\u00e4 toistuvasti. Miss\u00e4 vika? Miksi ymp\u00e4rist\u00f6\u00f6mme ja yhteiseen omaisuuteemme suhtaudutaan v\u00e4linpit\u00e4m\u00e4tt\u00f6m\u00e4sti. Ymp\u00e4rist\u00f6n turmeleminen luo ep\u00e4viihtyisyytt\u00e4 ja tulee kalliiksi.<\/p>\n","protected":false},"excerpt":{"rendered":"<p>Ymp\u00e4rist\u00f6n turmeleminen on tyhm\u00e4\u00e4 Pikku esimerkki ilkivallasta. Heurekan silta Tikkurilassa. Sillan kaiteisiin asennettiin kivat valolyhdyt valaisemaan kulkua. Lyhdyt kivitettiin tai rikottiin jatkuvasti. Alla vuonna 2011 otettu kuva rikotuista alaisimista. Jatkuvan ilkivallan takia valaisimet poistettiin ja t\u00e4lt\u00e4 n\u00e4ytt\u00e4\u00e4 nyt: T\u00e4m\u00e4nkaltaiseen ilkivaltaan t\u00f6rm\u00e4\u00e4 toistuvasti. Miss\u00e4 vika? Miksi ymp\u00e4rist\u00f6\u00f6mme ja yhteiseen omaisuuteemme suhtaudutaan v\u00e4linpit\u00e4m\u00e4tt\u00f6m\u00e4sti. Ymp\u00e4rist\u00f6n turmeleminen luo ep\u00e4viihtyisyytt\u00e4&hellip;<\/p>\n<p class=\"more-link-p\"><a class=\"more-link\" href=\"https:\/\/www.asukkaidenvantaa.fi\/?p=3700\">Lue lis\u00e4\u00e4 \u2192<\/a><\/p>\n","protected":false},"author":5003,"featured_media":3705,"comment_status":"open","ping_status":"open","sticky":false,"template":"","format":"standard","meta":{"footnotes":""},"categories":[355],"tags":[],"class_list":["post-3700","post","type-post","status-publish","format-standard","has-post-thumbnail","hentry","category-ajankohtaisia"],"_links":{"self":[{"href":"https:\/\/www.asukkaidenvantaa.fi\/index.php?rest_route=\/wp\/v2\/posts\/3700","targetHints":{"allow":["GET"]}}],"collection":[{"href":"https:\/\/www.asukkaidenvantaa.fi\/index.php?rest_route=\/wp\/v2\/posts"}],"about":[{"href":"https:\/\/www.asukkaidenvantaa.fi\/index.php?rest_route=\/wp\/v2\/types\/post"}],"author":[{"embeddable":true,"href":"https:\/\/www.asukkaidenvantaa.fi\/index.php?rest_route=\/wp\/v2\/users\/5003"}],"replies":[{"embeddable":true,"href":"https:\/\/www.asukkaidenvantaa.fi\/index.php?rest_route=%2Fwp%2Fv2%2Fcomments&post=3700"}],"version-history":[{"count":3,"href":"https:\/\/www.asukkaidenvantaa.fi\/index.php?rest_route=\/wp\/v2\/posts\/3700\/revisions"}],"predecessor-version":[{"id":3706,"href":"https:\/\/www.asukkaidenvantaa.fi\/index.php?rest_route=\/wp\/v2\/posts\/3700\/revisions\/3706"}],"wp:featuredmedia":[{"embeddable":true,"href":"https:\/\/www.asukkaidenvantaa.fi\/index.php?rest_route=\/wp\/v2\/media\/3705"}],"wp:attachment":[{"href":"https:\/\/www.asukkaidenvantaa.fi\/index.php?rest_route=%2Fwp%2Fv2%2Fmedia&parent=3700"}],"wp:term":[{"taxonomy":"category","embeddable":true,"href":"https:\/\/www.asukkaidenvantaa.fi\/index.php?rest_route=%2Fwp%2Fv2%2Fcategories&post=3700"},{"taxonomy":"post_tag","embeddable":true,"href":"https:\/\/www.asukkaidenvantaa.fi\/index.php?rest_route=%2Fwp%2Fv2%2Ftags&post=3700"}],"curies":[{"name":"wp","href":"https:\/\/api.w.org\/{rel}","templated":true}]}}