{"id":3675,"date":"2015-12-19T12:28:42","date_gmt":"2015-12-19T12:28:42","guid":{"rendered":"http:\/\/www.asukkaidenvantaa.fi\/?p=3675"},"modified":"2015-12-19T12:28:42","modified_gmt":"2015-12-19T12:28:42","slug":"peijaksen-sairaalan-paivystys-huslle","status":"publish","type":"post","link":"https:\/\/www.asukkaidenvantaa.fi\/?p=3675","title":{"rendered":"Peijaksen sairaalan p\u00e4ivystys HUS:lle"},"content":{"rendered":"<p><strong>Vuoden 2016 alusta p\u00e4ivystystoiminta Peijaksessa siirtyy HUS:n hoidettavaksi.<\/strong><\/p>\n<div id=\"attachment_3680\" style=\"width: 710px\" class=\"wp-caption aligncenter\"><a href=\"\/wp-content\/uploads\/sites\/31\/2015\/12\/Kuvia-Vantaalta-2008-1-2-e1450527810820.jpg\"><img loading=\"lazy\" decoding=\"async\" aria-describedby=\"caption-attachment-3680\" src=\"\/wp-content\/uploads\/sites\/31\/2015\/12\/Kuvia-Vantaalta-2008-1-2-e1450527810820.jpg\" alt=\"Peijaksen p\u00e4ivystys siirtyy HUS:n hoidettavaksi vuoden 2016 alusta. P\u00e4ivystyst\u00e4 vuodesta 2008 hoitaneelle Attendolle l\u00e4ht\u00f6passit.\" width=\"700\" height=\"525\" class=\"size-full wp-image-3680\" \/><\/a><p id=\"caption-attachment-3680\" class=\"wp-caption-text\">Peijaksen p\u00e4ivystys siirtyy HUS:n hoidettavaksi vuoden 2016 alusta. P\u00e4ivystyst\u00e4 vuodesta 2008 hoitaneelle Attendolle l\u00e4ht\u00f6passit.<\/p><\/div>\n<p>Vuonna 2008 p\u00e4ivystys p\u00e4\u00e4tettiin antaa Attendo Oy:lle joka siihen aikaan harjoitti agressiivista laajenemista, haalien kuntien terveydenhoitoa hoidettavakseen.<br \/>\nPeijaksen p\u00e4ivystyksen toimivuutta on moitittu koko sen &#8221;Attendo&#8221; ajan.<br \/>\nPotilaiden sujuvaa hoitoa on haitannut p\u00e4ivystyksen kaksijakoisuus. Attendo vastasi terveyskeskusp\u00e4ivystyksest\u00e4 ja HYKS erikoisairaanhoidon p\u00e4ivystyksest\u00e4.<\/p>\n<p>Vuoden 2016 alusta molemmet p\u00e4ivystykset siirtyv\u00e4t rinnakkaisesta toiminnasta yhteisp\u00e4ivystykseen. HYKS vastaa koko p\u00e4ivystystoiminnasta. Eli palataan vanhaan j\u00e4rjestelm\u00e4\u00e4n joka oli k\u00e4yt\u00f6ss\u00e4 ennen Attendon aikaa.<\/p>\n<p>Toiveissa on, ett\u00e4 potilas saa joustavampaa palvelua. Erityisesti vakavimmissa tautitapauksissa siirtyminen jatkohoitoon pit\u00e4isi sujuvoitua.<\/p>\n<p>Vantaalaisten lis\u00e4ksi Peijaksen p\u00e4ivystyst\u00e4 tulevat k\u00e4ytt\u00e4m\u00e4\u00e4n osin my\u00f6s keravalaiset. P\u00e4ivystyksess\u00e4 asioivien m\u00e4\u00e4r\u00e4ksi arvioidaan 70 000 potilasta vuodessa.<\/p>\n","protected":false},"excerpt":{"rendered":"<p>Vuoden 2016 alusta p\u00e4ivystystoiminta Peijaksessa siirtyy HUS:n hoidettavaksi. Vuonna 2008 p\u00e4ivystys p\u00e4\u00e4tettiin antaa Attendo Oy:lle joka siihen aikaan harjoitti agressiivista laajenemista, haalien kuntien terveydenhoitoa hoidettavakseen. Peijaksen p\u00e4ivystyksen toimivuutta on moitittu koko sen &#8221;Attendo&#8221; ajan. Potilaiden sujuvaa hoitoa on haitannut p\u00e4ivystyksen kaksijakoisuus. Attendo vastasi terveyskeskusp\u00e4ivystyksest\u00e4 ja HYKS erikoisairaanhoidon p\u00e4ivystyksest\u00e4. Vuoden 2016 alusta molemmet p\u00e4ivystykset siirtyv\u00e4t rinnakkaisesta&hellip;<\/p>\n<p class=\"more-link-p\"><a class=\"more-link\" href=\"https:\/\/www.asukkaidenvantaa.fi\/?p=3675\">Lue lis\u00e4\u00e4 \u2192<\/a><\/p>\n","protected":false},"author":5003,"featured_media":0,"comment_status":"open","ping_status":"open","sticky":false,"template":"","format":"standard","meta":{"footnotes":""},"categories":[355],"tags":[],"class_list":["post-3675","post","type-post","status-publish","format-standard","hentry","category-ajankohtaisia"],"_links":{"self":[{"href":"https:\/\/www.asukkaidenvantaa.fi\/index.php?rest_route=\/wp\/v2\/posts\/3675","targetHints":{"allow":["GET"]}}],"collection":[{"href":"https:\/\/www.asukkaidenvantaa.fi\/index.php?rest_route=\/wp\/v2\/posts"}],"about":[{"href":"https:\/\/www.asukkaidenvantaa.fi\/index.php?rest_route=\/wp\/v2\/types\/post"}],"author":[{"embeddable":true,"href":"https:\/\/www.asukkaidenvantaa.fi\/index.php?rest_route=\/wp\/v2\/users\/5003"}],"replies":[{"embeddable":true,"href":"https:\/\/www.asukkaidenvantaa.fi\/index.php?rest_route=%2Fwp%2Fv2%2Fcomments&post=3675"}],"version-history":[{"count":4,"href":"https:\/\/www.asukkaidenvantaa.fi\/index.php?rest_route=\/wp\/v2\/posts\/3675\/revisions"}],"predecessor-version":[{"id":3683,"href":"https:\/\/www.asukkaidenvantaa.fi\/index.php?rest_route=\/wp\/v2\/posts\/3675\/revisions\/3683"}],"wp:attachment":[{"href":"https:\/\/www.asukkaidenvantaa.fi\/index.php?rest_route=%2Fwp%2Fv2%2Fmedia&parent=3675"}],"wp:term":[{"taxonomy":"category","embeddable":true,"href":"https:\/\/www.asukkaidenvantaa.fi\/index.php?rest_route=%2Fwp%2Fv2%2Fcategories&post=3675"},{"taxonomy":"post_tag","embeddable":true,"href":"https:\/\/www.asukkaidenvantaa.fi\/index.php?rest_route=%2Fwp%2Fv2%2Ftags&post=3675"}],"curies":[{"name":"wp","href":"https:\/\/api.w.org\/{rel}","templated":true}]}}