{"id":3618,"date":"2015-12-02T15:21:31","date_gmt":"2015-12-02T15:21:31","guid":{"rendered":"http:\/\/www.asukkaidenvantaa.fi\/?p=3618"},"modified":"2015-12-02T15:22:02","modified_gmt":"2015-12-02T15:22:02","slug":"vantaan-rahankaytto-mika-on-tarpeellista-mika-ei","status":"publish","type":"post","link":"https:\/\/www.asukkaidenvantaa.fi\/?p=3618","title":{"rendered":"Vantaan rahank\u00e4ytt\u00f6, mik\u00e4 on tarpeellista, mik\u00e4 ei"},"content":{"rendered":"<p>Kaupungin rahan k\u00e4ytt\u00f6\u00e4 voidaan arvostella. Eri kustannuseri\u00e4 voidaan panna vastakkain. Toisen mielest\u00e4 joku on tarpeellista jonkun toisen mielest\u00e4 turhaa.<\/p>\n<p>Usein on kyse arvovalinnoista.<\/p>\n<p>Vantaalla on k\u00e4ynniss\u00e4 parhaillaan jonkinlainen Vantaa imagokampanja. Ainakin yhten\u00e4 osana on l\u00e4hijunissa totetettava julistekampanja.<\/p>\n<p>Vantaa p\u00e4\u00e4tti supistaa lasten subjektiivista p\u00e4iv\u00e4hoito-oikeutta. P\u00e4iv\u00e4hoito-oiketta rajataan esim. ty\u00f6tt\u00f6mien lapsilta. Vantaan kokoomuksen johdolla jyr\u00e4ttiin lapsen oikeutta p\u00e4iv\u00e4hoitoon. Tavoitteena pienehk\u00f6 s\u00e4\u00e4st\u00f6. Asiasta \u00e4\u00e4nestettiin numeroin 36 &#8211; 31.<\/p>\n<p>Mit\u00e4h\u00e4n mahtaa leikkauksen kohteeksi joutunut ty\u00f6tt\u00f6m\u00e4n perhe ajatella Vantaan mainoskampanjan v\u00e4itteest\u00e4: Kasvavan taaperon paratiisi. <\/p>\n<p><a href=\"\/wp-content\/uploads\/sites\/31\/2015\/11\/Vantaa-mainos-1-e1448379435478.jpg\"><img loading=\"lazy\" decoding=\"async\" src=\"\/wp-content\/uploads\/sites\/31\/2015\/11\/Vantaa-mainos-1-e1448379435478.jpg\" alt=\"Vantaa mainos 1\" width=\"700\" height=\"933\" class=\"aligncenter size-full wp-image-3625\" \/><\/a><\/p>\n","protected":false},"excerpt":{"rendered":"<p>Kaupungin rahan k\u00e4ytt\u00f6\u00e4 voidaan arvostella. Eri kustannuseri\u00e4 voidaan panna vastakkain. Toisen mielest\u00e4 joku on tarpeellista jonkun toisen mielest\u00e4 turhaa. Usein on kyse arvovalinnoista. Vantaalla on k\u00e4ynniss\u00e4 parhaillaan jonkinlainen Vantaa imagokampanja. Ainakin yhten\u00e4 osana on l\u00e4hijunissa totetettava julistekampanja. Vantaa p\u00e4\u00e4tti supistaa lasten subjektiivista p\u00e4iv\u00e4hoito-oikeutta. P\u00e4iv\u00e4hoito-oiketta rajataan esim. ty\u00f6tt\u00f6mien lapsilta. Vantaan kokoomuksen johdolla jyr\u00e4ttiin lapsen oikeutta p\u00e4iv\u00e4hoitoon.&hellip;<\/p>\n<p class=\"more-link-p\"><a class=\"more-link\" href=\"https:\/\/www.asukkaidenvantaa.fi\/?p=3618\">Lue lis\u00e4\u00e4 \u2192<\/a><\/p>\n","protected":false},"author":5003,"featured_media":0,"comment_status":"open","ping_status":"open","sticky":false,"template":"","format":"standard","meta":{"footnotes":""},"categories":[355],"tags":[],"class_list":["post-3618","post","type-post","status-publish","format-standard","hentry","category-ajankohtaisia"],"_links":{"self":[{"href":"https:\/\/www.asukkaidenvantaa.fi\/index.php?rest_route=\/wp\/v2\/posts\/3618","targetHints":{"allow":["GET"]}}],"collection":[{"href":"https:\/\/www.asukkaidenvantaa.fi\/index.php?rest_route=\/wp\/v2\/posts"}],"about":[{"href":"https:\/\/www.asukkaidenvantaa.fi\/index.php?rest_route=\/wp\/v2\/types\/post"}],"author":[{"embeddable":true,"href":"https:\/\/www.asukkaidenvantaa.fi\/index.php?rest_route=\/wp\/v2\/users\/5003"}],"replies":[{"embeddable":true,"href":"https:\/\/www.asukkaidenvantaa.fi\/index.php?rest_route=%2Fwp%2Fv2%2Fcomments&post=3618"}],"version-history":[{"count":6,"href":"https:\/\/www.asukkaidenvantaa.fi\/index.php?rest_route=\/wp\/v2\/posts\/3618\/revisions"}],"predecessor-version":[{"id":3637,"href":"https:\/\/www.asukkaidenvantaa.fi\/index.php?rest_route=\/wp\/v2\/posts\/3618\/revisions\/3637"}],"wp:attachment":[{"href":"https:\/\/www.asukkaidenvantaa.fi\/index.php?rest_route=%2Fwp%2Fv2%2Fmedia&parent=3618"}],"wp:term":[{"taxonomy":"category","embeddable":true,"href":"https:\/\/www.asukkaidenvantaa.fi\/index.php?rest_route=%2Fwp%2Fv2%2Fcategories&post=3618"},{"taxonomy":"post_tag","embeddable":true,"href":"https:\/\/www.asukkaidenvantaa.fi\/index.php?rest_route=%2Fwp%2Fv2%2Ftags&post=3618"}],"curies":[{"name":"wp","href":"https:\/\/api.w.org\/{rel}","templated":true}]}}