{"id":3611,"date":"2015-11-04T11:57:19","date_gmt":"2015-11-04T11:57:19","guid":{"rendered":"http:\/\/www.asukkaidenvantaa.fi\/?p=3611"},"modified":"2015-11-04T11:57:19","modified_gmt":"2015-11-04T11:57:19","slug":"talla-viikolla-tehdaan-hyvaa-yhdessa","status":"publish","type":"post","link":"https:\/\/www.asukkaidenvantaa.fi\/?p=3611","title":{"rendered":"T\u00e4ll\u00e4 viikolla tehd\u00e4\u00e4n hyv\u00e4\u00e4 yhdess\u00e4"},"content":{"rendered":"<p><strong>Kuluvalla viikolla vantaalaiset oppilaitokset tempaisevat laajasti hyv\u00e4ntekev\u00e4isyyden puolesta. Viikon aikana tempauksiin osallistuu yli 3 000 opiskelijaa.<\/strong><br \/>\nKampanjaan osallistuvat vantaalaiset lukiot sek\u00e4 ammattiopisto Varia.<br \/>\nViikon aikana eri puolilla Vantaata ker\u00e4t\u00e4\u00e4n mm. vaatteita, opiskelutarvikkeita, urheiluv\u00e4lineit\u00e4 sek\u00e4 rahaa avustustoimintaan.<br \/>\nKonserttia ja hyv\u00e4ntekev\u00e4syysjuhlaa on ohjelmassa.<br \/>\nPerjantaina Tikkurilan lukiossa tulevat tutuiksi hyv\u00e4ntekev\u00e4isyysj\u00e4rjest\u00f6t Unisef, WWF ja Amnesty niihin liittyvien tempausten kautta.<br \/>\n<div id=\"attachment_3613\" style=\"width: 710px\" class=\"wp-caption aligncenter\"><a href=\"\/wp-content\/uploads\/sites\/31\/2015\/11\/Vaskivuoren-lukion-lipasker\u00e4\u00e4j\u00e4t-e1446637745887.jpg\"><img loading=\"lazy\" decoding=\"async\" aria-describedby=\"caption-attachment-3613\" src=\"\/wp-content\/uploads\/sites\/31\/2015\/11\/Vaskivuoren-lukion-lipasker\u00e4\u00e4j\u00e4t-e1446637745887.jpg\" alt=\"Vaskivuoren lukion lipasker\u00e4\u00e4ji\u00e4 Myyrmannin kauppakeskuksessa Tehd\u00e4\u00e4n hyv\u00e4\u00e4 kampanjassa.\" width=\"700\" height=\"525\" class=\"size-full wp-image-3613\" \/><\/a><p id=\"caption-attachment-3613\" class=\"wp-caption-text\">Vaskivuoren lukion lipasker\u00e4\u00e4ji\u00e4 Myyrmannin kauppakeskuksessa Tehd\u00e4\u00e4n hyv\u00e4\u00e4 kampanjassa.<\/p><\/div>\n<p>Lis\u00e4ksi oppilaitosten opiskelijat j\u00e4rjest\u00e4v\u00e4t runsaasti erilaista toimintaa Vantaan kaupungin omiin kohteisiin, kouluihin, p\u00e4iv\u00e4koteihin, palvelutaloihin sek\u00e4 hoiva- ja vanhainkoteihin.<\/p>\n<p>Kampanjan sujumista ja onnistumista voi seurata facebookissa: Tehd\u00e4\u00e4n hyv\u00e4\u00e4-viikko 2.-6.11.2015.<br \/>\nKuvia l\u00f6ytyy my\u00f6s instagramista #tehd\u00e4\u00e4nhyv\u00e4\u00e4vantaa<\/p>\n","protected":false},"excerpt":{"rendered":"<p>Kuluvalla viikolla vantaalaiset oppilaitokset tempaisevat laajasti hyv\u00e4ntekev\u00e4isyyden puolesta. Viikon aikana tempauksiin osallistuu yli 3 000 opiskelijaa. Kampanjaan osallistuvat vantaalaiset lukiot sek\u00e4 ammattiopisto Varia. Viikon aikana eri puolilla Vantaata ker\u00e4t\u00e4\u00e4n mm. vaatteita, opiskelutarvikkeita, urheiluv\u00e4lineit\u00e4 sek\u00e4 rahaa avustustoimintaan. Konserttia ja hyv\u00e4ntekev\u00e4syysjuhlaa on ohjelmassa. Perjantaina Tikkurilan lukiossa tulevat tutuiksi hyv\u00e4ntekev\u00e4isyysj\u00e4rjest\u00f6t Unisef, WWF ja Amnesty niihin liittyvien tempausten kautta.&hellip;<\/p>\n<p class=\"more-link-p\"><a class=\"more-link\" href=\"https:\/\/www.asukkaidenvantaa.fi\/?p=3611\">Lue lis\u00e4\u00e4 \u2192<\/a><\/p>\n","protected":false},"author":5003,"featured_media":0,"comment_status":"open","ping_status":"open","sticky":false,"template":"","format":"standard","meta":{"footnotes":""},"categories":[355],"tags":[],"class_list":["post-3611","post","type-post","status-publish","format-standard","hentry","category-ajankohtaisia"],"_links":{"self":[{"href":"https:\/\/www.asukkaidenvantaa.fi\/index.php?rest_route=\/wp\/v2\/posts\/3611","targetHints":{"allow":["GET"]}}],"collection":[{"href":"https:\/\/www.asukkaidenvantaa.fi\/index.php?rest_route=\/wp\/v2\/posts"}],"about":[{"href":"https:\/\/www.asukkaidenvantaa.fi\/index.php?rest_route=\/wp\/v2\/types\/post"}],"author":[{"embeddable":true,"href":"https:\/\/www.asukkaidenvantaa.fi\/index.php?rest_route=\/wp\/v2\/users\/5003"}],"replies":[{"embeddable":true,"href":"https:\/\/www.asukkaidenvantaa.fi\/index.php?rest_route=%2Fwp%2Fv2%2Fcomments&post=3611"}],"version-history":[{"count":3,"href":"https:\/\/www.asukkaidenvantaa.fi\/index.php?rest_route=\/wp\/v2\/posts\/3611\/revisions"}],"predecessor-version":[{"id":3616,"href":"https:\/\/www.asukkaidenvantaa.fi\/index.php?rest_route=\/wp\/v2\/posts\/3611\/revisions\/3616"}],"wp:attachment":[{"href":"https:\/\/www.asukkaidenvantaa.fi\/index.php?rest_route=%2Fwp%2Fv2%2Fmedia&parent=3611"}],"wp:term":[{"taxonomy":"category","embeddable":true,"href":"https:\/\/www.asukkaidenvantaa.fi\/index.php?rest_route=%2Fwp%2Fv2%2Fcategories&post=3611"},{"taxonomy":"post_tag","embeddable":true,"href":"https:\/\/www.asukkaidenvantaa.fi\/index.php?rest_route=%2Fwp%2Fv2%2Ftags&post=3611"}],"curies":[{"name":"wp","href":"https:\/\/api.w.org\/{rel}","templated":true}]}}