{"id":3590,"date":"2015-10-19T11:40:14","date_gmt":"2015-10-19T11:40:14","guid":{"rendered":"http:\/\/www.asukkaidenvantaa.fi\/?p=3590"},"modified":"2015-10-19T11:40:14","modified_gmt":"2015-10-19T11:40:14","slug":"vantaan-talousarvio-2016-jatketaan-tvon-viitoittamalla-tiella","status":"publish","type":"post","link":"https:\/\/www.asukkaidenvantaa.fi\/?p=3590","title":{"rendered":"Vantaan talousarvio 2016, jatketaan TVO:n viitoittamalla tiell\u00e4"},"content":{"rendered":"<p><strong>Vantaan kaupunginjohtaja Kari Nenosen julkistama ensi vuoden talousarvioesitys ei sis\u00e4lt\u00e4nyt yll\u00e4tyksi\u00e4.<\/strong><\/p>\n<p>Pari, kolme l\u00e4hivuotta jatketaan nykyisell\u00e4 linjalla. Menot pidet\u00e4\u00e4n kurissa, uutta velkaa otetaan niukasti. Talousarvion 2016 loppusumma 1,5 miljardia euroa. Talousarvio perustuu jo joitakin vuosia harjoitettuun talous- ja velkaohjelmaan.<br \/>\n<div id=\"attachment_3592\" style=\"width: 854px\" class=\"wp-caption aligncenter\"><a href=\"\/wp-content\/uploads\/sites\/31\/2015\/10\/Talousarvio-2016-2.jpg\"><img loading=\"lazy\" decoding=\"async\" aria-describedby=\"caption-attachment-3592\" src=\"\/wp-content\/uploads\/sites\/31\/2015\/10\/Talousarvio-2016-2.jpg\" alt=\"Vantaan talousarvion 2016 tulot ja menot p\u00e4\u00e4kohdittain\" width=\"844\" height=\"632\" class=\"size-full wp-image-3592\" \/><\/a><p id=\"caption-attachment-3592\" class=\"wp-caption-text\">Vantaan talousarvion 2016 tulot ja menot p\u00e4\u00e4kohdittain<\/p><\/div>\n<p>Palvelujen s\u00e4ilytt\u00e4minen nykytasolla tuottaa tuskaa. Valtion toimet leikkaavat valtionapuja ja huono ty\u00f6llisyystilanne heijastuu verotuloihin.<\/p>\n<p>V\u00e4est\u00f6n lis\u00e4\u00e4ntyminen vaatii kuitenkin lis\u00e4palveluita. Isompia rakennushankkeita ovat Aurinkokiven palvelukeskus Kivist\u00f6ss\u00e4 sek\u00e4 It\u00e4-Hakkilan ja Simonkallion p\u00e4iv\u00e4kodit.<br \/>\nKunnallisteknisiin t\u00f6ihin varataan 36 milj. eur.<br \/>\n<div id=\"attachment_3594\" style=\"width: 859px\" class=\"wp-caption aligncenter\"><a href=\"\/wp-content\/uploads\/sites\/31\/2015\/10\/Talousarvio-2016-4.jpg\"><img loading=\"lazy\" decoding=\"async\" aria-describedby=\"caption-attachment-3594\" src=\"\/wp-content\/uploads\/sites\/31\/2015\/10\/Talousarvio-2016-4.jpg\" alt=\"T\u00e4llaista Vantaa lupaa tuottaa asuikkailleen 1,5 miljardilla eurolla.\" width=\"849\" height=\"634\" class=\"size-full wp-image-3594\" \/><\/a><p id=\"caption-attachment-3594\" class=\"wp-caption-text\">T\u00e4llaista Vantaa lupaa tuottaa asuikkailleen 1,5 miljardilla eurolla.<\/p><\/div>\n<p>Uuteen Sote ratkaisuun valmistautuminen on aloitettava, vaikka uudesta Sote mallista ei viel\u00e4 ole t\u00e4ytt\u00e4 tietoa, mutta se mit\u00e4 ilmeisimmin tulee. Ja tullessaan se tuo kuntiin t\u00e4ysremontin. Arvioiden mukaan puolet kuntien teht\u00e4vist\u00e4 siirtyy uuden perustettavan organisation vastuulle.<br \/>\n<div id=\"attachment_3595\" style=\"width: 861px\" class=\"wp-caption aligncenter\"><a href=\"\/wp-content\/uploads\/sites\/31\/2015\/10\/Talousarvio-2016-3.jpg\"><img loading=\"lazy\" decoding=\"async\" aria-describedby=\"caption-attachment-3595\" src=\"\/wp-content\/uploads\/sites\/31\/2015\/10\/Talousarvio-2016-3.jpg\" alt=\"Vantaan talousarvion 2016 tunnuslukuja.\" width=\"851\" height=\"632\" class=\"size-full wp-image-3595\" \/><\/a><p id=\"caption-attachment-3595\" class=\"wp-caption-text\">Vantaan talousarvion 2016 tunnuslukuja.<\/p><\/div>\n<p>Talousarvion esittelyss\u00e4 nostettiin esiin my\u00f6s pakolaiskysymys, vaikkei pakolaiset t\u00e4ss\u00e4 vaiheessa aiheuta kaupungille kustannuksia. Niin kauan kuin pakolaiset ovat vastaanottokeskuksissa menoista vastaa valtio. <\/p>\n","protected":false},"excerpt":{"rendered":"<p>Vantaan kaupunginjohtaja Kari Nenosen julkistama ensi vuoden talousarvioesitys ei sis\u00e4lt\u00e4nyt yll\u00e4tyksi\u00e4. Pari, kolme l\u00e4hivuotta jatketaan nykyisell\u00e4 linjalla. Menot pidet\u00e4\u00e4n kurissa, uutta velkaa otetaan niukasti. Talousarvion 2016 loppusumma 1,5 miljardia euroa. Talousarvio perustuu jo joitakin vuosia harjoitettuun talous- ja velkaohjelmaan. Palvelujen s\u00e4ilytt\u00e4minen nykytasolla tuottaa tuskaa. Valtion toimet leikkaavat valtionapuja ja huono ty\u00f6llisyystilanne heijastuu verotuloihin. V\u00e4est\u00f6n lis\u00e4\u00e4ntyminen&hellip;<\/p>\n<p class=\"more-link-p\"><a class=\"more-link\" href=\"https:\/\/www.asukkaidenvantaa.fi\/?p=3590\">Lue lis\u00e4\u00e4 \u2192<\/a><\/p>\n","protected":false},"author":5003,"featured_media":0,"comment_status":"open","ping_status":"open","sticky":false,"template":"","format":"standard","meta":{"footnotes":""},"categories":[355],"tags":[],"class_list":["post-3590","post","type-post","status-publish","format-standard","hentry","category-ajankohtaisia"],"_links":{"self":[{"href":"https:\/\/www.asukkaidenvantaa.fi\/index.php?rest_route=\/wp\/v2\/posts\/3590","targetHints":{"allow":["GET"]}}],"collection":[{"href":"https:\/\/www.asukkaidenvantaa.fi\/index.php?rest_route=\/wp\/v2\/posts"}],"about":[{"href":"https:\/\/www.asukkaidenvantaa.fi\/index.php?rest_route=\/wp\/v2\/types\/post"}],"author":[{"embeddable":true,"href":"https:\/\/www.asukkaidenvantaa.fi\/index.php?rest_route=\/wp\/v2\/users\/5003"}],"replies":[{"embeddable":true,"href":"https:\/\/www.asukkaidenvantaa.fi\/index.php?rest_route=%2Fwp%2Fv2%2Fcomments&post=3590"}],"version-history":[{"count":6,"href":"https:\/\/www.asukkaidenvantaa.fi\/index.php?rest_route=\/wp\/v2\/posts\/3590\/revisions"}],"predecessor-version":[{"id":3600,"href":"https:\/\/www.asukkaidenvantaa.fi\/index.php?rest_route=\/wp\/v2\/posts\/3590\/revisions\/3600"}],"wp:attachment":[{"href":"https:\/\/www.asukkaidenvantaa.fi\/index.php?rest_route=%2Fwp%2Fv2%2Fmedia&parent=3590"}],"wp:term":[{"taxonomy":"category","embeddable":true,"href":"https:\/\/www.asukkaidenvantaa.fi\/index.php?rest_route=%2Fwp%2Fv2%2Fcategories&post=3590"},{"taxonomy":"post_tag","embeddable":true,"href":"https:\/\/www.asukkaidenvantaa.fi\/index.php?rest_route=%2Fwp%2Fv2%2Ftags&post=3590"}],"curies":[{"name":"wp","href":"https:\/\/api.w.org\/{rel}","templated":true}]}}